{"id":1249,"date":"2020-10-26T00:01:59","date_gmt":"2020-10-25T22:01:59","guid":{"rendered":"https:\/\/www.communion-bethanie.org\/?p=1249"},"modified":"2020-10-25T21:27:23","modified_gmt":"2020-10-25T19:27:23","slug":"pause-meditation-du-26-octobre-2020","status":"publish","type":"post","link":"https:\/\/www.communion-bethanie.org\/?p=1249","title":{"rendered":"Pause m\u00e9ditation du 26 octobre 2020"},"content":{"rendered":"\n<blockquote class=\"wp-block-quote is-layout-flow wp-block-quote-is-layout-flow\"><p> Une m\u00e9ditation propos\u00e9e par notre fr\u00e8re Rapha\u00ebl.<\/p><\/blockquote>\n\n\n\n<h3 class=\"wp-block-heading\"><strong>\u00ab&nbsp;Aimer le monde&nbsp;\u00bb<\/strong><\/h3>\n\n\n\n<p>Comment pouvons-nous ne pas aimer le monde si ce monde est un don que le P\u00e8re a fait au Fils et qu&rsquo;il a cr\u00e9\u00e9 pour Lui, le Lui remettant, et le Lui destinant&nbsp;? Comment pouvons-nous ne pas aimer le monde, si Dieu lui-m\u00eame l&rsquo;a aim\u00e9 au point de lui donner son Fils bien-aim\u00e9&nbsp;?<br>Comment pouvons-nous ne pas aimer le monde, si ce monde est la mati\u00e8re par laquelle nous devons construire le Royaume de Dieu&nbsp;?<\/p>\n\n\n\n<p>Les anciens auteurs chr\u00e9tiens disaient : \u00ab\u00a0En Dieu il y a un ab\u00eeme de paternit\u00e9\u00a0\u00bb, car le P\u00e8re regarde toujours mis\u00e9ricordieusement notre monde avec toutes ses peines, ses p\u00e9ch\u00e9s et sa perdition et donne son fils premier-n\u00e9 afin que le monde soit sauv\u00e9 et renouvel\u00e9.<br>Le regard du p\u00e8re doit devenir notre regard sur le monde et sur ce qui s&rsquo;y passe, m\u00eame le mal, \u00ab\u00a0car le Dieu Tout-Puissant (\u2026), puisqu&rsquo;il est souverainement bon, ne laisserait jamais un mal quelconque exister dans ses \u0153uvres s&rsquo;il n&rsquo;\u00e9tait assez puissant et bon pour faire sortir le bien du mal lui-m\u00eame. \u00bb Saint Augustin.<\/p>\n\n\n\n<p>\u00ab\u00a0Nous savons d&rsquo;autre part que tout concourt au bien de ceux qui aiment Dieu.\u00a0\u00bb Rm 8,28<\/p>\n\n\n\n<p>Donc, dans le monde, pour un c\u0153ur qui aime Dieu, rien ne s&rsquo;oppose \u00e0 Lui, si ce n&rsquo;est le p\u00e9ch\u00e9, commis et poursuivi consciemment en tant qu&rsquo;objectif.<br>Lorsque quelqu&rsquo;un d\u00e9cide d\u00e9lib\u00e9r\u00e9ment de faire le mal, il se place contre Dieu et contre le monde. Il n&rsquo;y a rien dans le monde qui soit un obstacle \u00e0 notre rapport avec Dieu, si ce n&rsquo;est le mal volontairement accompli. Et m\u00eame ce mal \u2013 une fois commis \u2013 devient pour Dieu l&rsquo;occasion d&rsquo;en tirer du bien.<br>Un chr\u00e9tien sait que le mal existe, mais il ne se laisse jamais arr\u00eat\u00e9 par lui.<\/p>\n\n\n\n<p><em>Prier dans le monde<\/em> de Antonio-Maria Sicardi, o.c.d.<br>hors-s\u00e9rie <em>Vives Flammes<\/em>, \u00c9ditions du Carmel, 2015.<\/p>\n","protected":false},"excerpt":{"rendered":"<p>Une m\u00e9ditation propos\u00e9e par notre fr\u00e8re Rapha\u00ebl. \u00ab&nbsp;Aimer le monde&nbsp;\u00bb Comment pouvons-nous ne pas aimer le monde si ce monde est un don que le P\u00e8re a fait au Fils et qu&rsquo;il a cr\u00e9\u00e9 pour Lui, le Lui remettant, et le Lui destinant&nbsp;? Comment pouvons-nous ne pas aimer le monde, si Dieu lui-m\u00eame l&rsquo;a aim\u00e9 [&hellip;]<\/p>\n","protected":false},"author":1,"featured_media":1250,"comment_status":"open","ping_status":"open","sticky":false,"template":"","format":"standard","meta":{"jetpack_post_was_ever_published":false,"_jetpack_newsletter_access":"","_jetpack_dont_email_post_to_subs":false,"_jetpack_newsletter_tier_id":0,"_jetpack_memberships_contains_paywalled_content":false,"_jetpack_memberships_contains_paid_content":false,"footnotes":"","jetpack_publicize_message":"","jetpack_publicize_feature_enabled":true,"jetpack_social_post_already_shared":true,"jetpack_social_options":{"image_generator_settings":{"template":"highway","default_image_id":0,"font":"","enabled":false},"version":2}},"categories":[42,4],"tags":[122],"class_list":["post-1249","post","type-post","status-publish","format-standard","has-post-thumbnail","hentry","category-meditation","category-pause-meditation","tag-raphael"],"jetpack_publicize_connections":[],"jetpack_featured_media_url":"https:\/\/i0.wp.com\/www.communion-bethanie.org\/wp-content\/uploads\/2020\/10\/2020-10-26-monde.jpg?fit=540%2C380&ssl=1","jetpack_likes_enabled":true,"jetpack_sharing_enabled":true,"_links":{"self":[{"href":"https:\/\/www.communion-bethanie.org\/index.php?rest_route=\/wp\/v2\/posts\/1249","targetHints":{"allow":["GET"]}}],"collection":[{"href":"https:\/\/www.communion-bethanie.org\/index.php?rest_route=\/wp\/v2\/posts"}],"about":[{"href":"https:\/\/www.communion-bethanie.org\/index.php?rest_route=\/wp\/v2\/types\/post"}],"author":[{"embeddable":true,"href":"https:\/\/www.communion-bethanie.org\/index.php?rest_route=\/wp\/v2\/users\/1"}],"replies":[{"embeddable":true,"href":"https:\/\/www.communion-bethanie.org\/index.php?rest_route=%2Fwp%2Fv2%2Fcomments&post=1249"}],"version-history":[{"count":1,"href":"https:\/\/www.communion-bethanie.org\/index.php?rest_route=\/wp\/v2\/posts\/1249\/revisions"}],"predecessor-version":[{"id":1251,"href":"https:\/\/www.communion-bethanie.org\/index.php?rest_route=\/wp\/v2\/posts\/1249\/revisions\/1251"}],"wp:featuredmedia":[{"embeddable":true,"href":"https:\/\/www.communion-bethanie.org\/index.php?rest_route=\/wp\/v2\/media\/1250"}],"wp:attachment":[{"href":"https:\/\/www.communion-bethanie.org\/index.php?rest_route=%2Fwp%2Fv2%2Fmedia&parent=1249"}],"wp:term":[{"taxonomy":"category","embeddable":true,"href":"https:\/\/www.communion-bethanie.org\/index.php?rest_route=%2Fwp%2Fv2%2Fcategories&post=1249"},{"taxonomy":"post_tag","embeddable":true,"href":"https:\/\/www.communion-bethanie.org\/index.php?rest_route=%2Fwp%2Fv2%2Ftags&post=1249"}],"curies":[{"name":"wp","href":"https:\/\/api.w.org\/{rel}","templated":true}]}}