{"id":1388,"date":"2021-02-01T00:01:00","date_gmt":"2021-01-31T23:01:00","guid":{"rendered":"https:\/\/www.communion-bethanie.org\/?p=1388"},"modified":"2021-01-31T14:24:29","modified_gmt":"2021-01-31T13:24:29","slug":"pause-meditation-du-1er-fevrier-2021","status":"publish","type":"post","link":"https:\/\/www.communion-bethanie.org\/?p=1388","title":{"rendered":"Pause m\u00e9ditation du 1er f\u00e9vrier 2021"},"content":{"rendered":"\n<blockquote class=\"wp-block-quote is-layout-flow wp-block-quote-is-layout-flow\"><p> Une m\u00e9ditation propos\u00e9e par notre fr\u00e8re Rapha\u00ebl.<\/p><\/blockquote>\n\n\n\n<p>Heureux les pauvres<br>Pas les fauch\u00e9s<br>Mais ceux dont le c\u0153ur est libre.<\/p>\n\n\n\n<p>Heureux ceux qui pleurent<br>Pas ceux qui pleurnichent<br>Mais ceux qui crient.<\/p>\n\n\n\n<p>Heureux les doux<br>Pas les mous<br>Mais les patients et les tol\u00e9rants.<\/p>\n\n\n\n<p>Heureux ceux qui ont faim et soif de la justice<br>Pas ceux qui braillent<br>Mais ceux qui luttent.<\/p>\n\n\n\n<p>Heureux les mis\u00e9ricordieux<br>Pas ceux qui oublient<br>Mais ceux qui pardonnent.<\/p>\n\n\n\n<p>Heureux les c\u0153urs purs<br>Pas ceux qui font les anges<br>Mais ceux dont la vie est transparente.<\/p>\n\n\n\n<p>Heureux les pacifiques<br>Pas ceux qui \u00e9ludent les conflits<br>Mais ceux qui les affrontent.<\/p>\n\n\n\n<p>Heureux les pers\u00e9cut\u00e9s pour la justice<br>Non parce qu&rsquo;ils souffrent<br>Mais parce qu&rsquo;ils aiment.<\/p>\n\n\n\n<p>Thierry Grenier,<br>aum\u00f4nier r\u00e9gional des prisons r\u00e9gion p\u00e9nitentiaire de Lyon,<br>in <em>R\u00e9veil<\/em>, presse r\u00e9gionale protestante janvier 2021.<\/p>\n","protected":false},"excerpt":{"rendered":"<p>Une m\u00e9ditation propos\u00e9e par notre fr\u00e8re Rapha\u00ebl. Heureux les pauvresPas les fauch\u00e9sMais ceux dont le c\u0153ur est libre. Heureux ceux qui pleurentPas ceux qui pleurnichentMais ceux qui crient. Heureux les douxPas les mousMais les patients et les tol\u00e9rants. Heureux ceux qui ont faim et soif de la justicePas ceux qui braillentMais ceux qui luttent. Heureux [&hellip;]<\/p>\n","protected":false},"author":1,"featured_media":1389,"comment_status":"open","ping_status":"open","sticky":false,"template":"","format":"standard","meta":{"jetpack_post_was_ever_published":false,"_jetpack_newsletter_access":"","_jetpack_dont_email_post_to_subs":false,"_jetpack_newsletter_tier_id":0,"_jetpack_memberships_contains_paywalled_content":false,"_jetpack_memberships_contains_paid_content":false,"footnotes":"","jetpack_publicize_message":"","jetpack_publicize_feature_enabled":true,"jetpack_social_post_already_shared":true,"jetpack_social_options":{"image_generator_settings":{"template":"highway","default_image_id":0,"font":"","enabled":false},"version":2}},"categories":[42,4],"tags":[200,122,199],"class_list":["post-1388","post","type-post","status-publish","format-standard","has-post-thumbnail","hentry","category-meditation","category-pause-meditation","tag-heureux","tag-raphael","tag-thierry-grenier"],"jetpack_publicize_connections":[],"jetpack_featured_media_url":"https:\/\/i0.wp.com\/www.communion-bethanie.org\/wp-content\/uploads\/2021\/01\/2021-02-01-barreaux-prison.jpg?fit=540%2C380&ssl=1","jetpack_likes_enabled":true,"jetpack_sharing_enabled":true,"_links":{"self":[{"href":"https:\/\/www.communion-bethanie.org\/index.php?rest_route=\/wp\/v2\/posts\/1388","targetHints":{"allow":["GET"]}}],"collection":[{"href":"https:\/\/www.communion-bethanie.org\/index.php?rest_route=\/wp\/v2\/posts"}],"about":[{"href":"https:\/\/www.communion-bethanie.org\/index.php?rest_route=\/wp\/v2\/types\/post"}],"author":[{"embeddable":true,"href":"https:\/\/www.communion-bethanie.org\/index.php?rest_route=\/wp\/v2\/users\/1"}],"replies":[{"embeddable":true,"href":"https:\/\/www.communion-bethanie.org\/index.php?rest_route=%2Fwp%2Fv2%2Fcomments&post=1388"}],"version-history":[{"count":2,"href":"https:\/\/www.communion-bethanie.org\/index.php?rest_route=\/wp\/v2\/posts\/1388\/revisions"}],"predecessor-version":[{"id":1391,"href":"https:\/\/www.communion-bethanie.org\/index.php?rest_route=\/wp\/v2\/posts\/1388\/revisions\/1391"}],"wp:featuredmedia":[{"embeddable":true,"href":"https:\/\/www.communion-bethanie.org\/index.php?rest_route=\/wp\/v2\/media\/1389"}],"wp:attachment":[{"href":"https:\/\/www.communion-bethanie.org\/index.php?rest_route=%2Fwp%2Fv2%2Fmedia&parent=1388"}],"wp:term":[{"taxonomy":"category","embeddable":true,"href":"https:\/\/www.communion-bethanie.org\/index.php?rest_route=%2Fwp%2Fv2%2Fcategories&post=1388"},{"taxonomy":"post_tag","embeddable":true,"href":"https:\/\/www.communion-bethanie.org\/index.php?rest_route=%2Fwp%2Fv2%2Ftags&post=1388"}],"curies":[{"name":"wp","href":"https:\/\/api.w.org\/{rel}","templated":true}]}}