{"id":1564,"date":"2021-05-23T00:01:00","date_gmt":"2021-05-22T23:01:00","guid":{"rendered":"https:\/\/www.communion-bethanie.org\/?p=1564"},"modified":"2021-05-22T07:15:14","modified_gmt":"2021-05-22T06:15:14","slug":"pentecote-2021","status":"publish","type":"post","link":"https:\/\/www.communion-bethanie.org\/?p=1564","title":{"rendered":"Pentec\u00f4te 2021"},"content":{"rendered":"\n<blockquote class=\"wp-block-quote is-layout-flow wp-block-quote-is-layout-flow\"><p> Une m\u00e9ditation propos\u00e9e par notre fr\u00e8re prieur, Jean-Michel.<\/p><\/blockquote>\n\n\n\n<p>\u00ab <em>Elle sortit subitement prendre l&rsquo;air.<br>Je pense souvent \u00e0 cette expression prendre l&rsquo;air.<br>Cela veut dire que l&rsquo;on va ailleurs pour le trouver.<br>Cela veut dire litt\u00e9ralement : o\u00f9 je suis, je m&rsquo;asphyxie. <\/em>\u00bb<br>David Foenkinos<br><em>Nos s\u00e9parations<\/em>.<\/p>\n\n\n\n<h3 class=\"wp-block-heading\"><strong>\u00ab Vais-je avec Toi prendre le risque de la confiance, de la libert\u00e9 pour sortir ? \u00bb<\/strong><\/h3>\n\n\n\n<p>J&rsquo;appelle de mes v\u0153ux les plus profonds, une \u00c9glise &#8211; en son sein une Communion B\u00e9thanie &#8211; ventil\u00e9e.<br>Ventil\u00e9e, fen\u00eatres et portes grandes ouvertes car \u00ab <strong>L&rsquo;\u00c9glise n&rsquo;est r\u00e9ellement \u00c9glise que quand elle existe pour ceux qui n&rsquo;en font pas partie<\/strong> \u00bb, pasteur Dietrich Bonhoeffer.<\/p>\n\n\n\n<p>\u00ab <strong>Le vent souffle o\u00f9 il veut : tu entends sa voix, mais tu ne sais ni d&rsquo;o\u00f9 il vient ni o\u00f9 il va.<br>Il en est ainsi pour qui est n\u00e9 du souffle de l&rsquo;Esprit.<\/strong> \u00bb<br>Jean 3, 8-21<\/p>\n\n\n\n<p>Femmes et hommes, en d\u00e9sir de communion avec toute la cr\u00e9ation, oserons-nous sortir joyeusement pour respirer l&rsquo;air du dehors ?<br>Oserons-nous prendre l&rsquo;air au Souffle qui \u00e9largit sans cesse, non seulement notre regard, mais aussi notre perception, notre \u00eatre au monde ?<\/p>\n\n\n\n<p>L&rsquo;Esprit-Saint pousse toujours \u00e0 faire du neuf.<br>Et \u00ab <strong>quand Dieu pousse, rien n&rsquo;arr\u00eate<\/strong> \u00bb, dom Prosper Gu\u00e9ranger, moine b\u00e9n\u00e9dictin.<\/p>\n\n\n\n<p>Il y a quelques jours, j&rsquo;ai retrouv\u00e9, cette pri\u00e8re que j&rsquo;avais \u00e9crite le 11 juin 2008, lors d&rsquo;une journ\u00e9e de retraite des adjoints en pastorale scolaire, du dioc\u00e8se de Montpellier.<br>Elle br\u00fble tellement mon \u00e2me aujourd&rsquo;hui.<br>Je me permets de vous la partager, tout simplement.<\/p>\n\n\n\n<p>\u00ab <strong>Seigneur,<br>Tu appelles quand tu veux, o\u00f9 tu veux, comme tu veux.<br>O\u00f9 cela me m\u00e8nera-t-il si je c\u00e8de \u00e0 ta libert\u00e9 ?<br>O\u00f9 cela me m\u00e8nera-t-il si je deviens serviteur de ta libert\u00e9 ?<br>Vais-je avec Toi prendre le risque de la confiance, de la libert\u00e9 pour sortir ? <\/strong>\u00bb<\/p>\n\n\n\n<p>Jean-Michel+,<br>fr\u00e8re prieur de la Communion B\u00e9thanie.<\/p>\n","protected":false},"excerpt":{"rendered":"<p>Une m\u00e9ditation propos\u00e9e par notre fr\u00e8re prieur, Jean-Michel. \u00ab Elle sortit subitement prendre l&rsquo;air.Je pense souvent \u00e0 cette expression prendre l&rsquo;air.Cela veut dire que l&rsquo;on va ailleurs pour le trouver.Cela veut dire litt\u00e9ralement : o\u00f9 je suis, je m&rsquo;asphyxie. \u00bbDavid FoenkinosNos s\u00e9parations. \u00ab Vais-je avec Toi prendre le risque de la confiance, de la libert\u00e9 [&hellip;]<\/p>\n","protected":false},"author":1,"featured_media":1565,"comment_status":"open","ping_status":"open","sticky":false,"template":"","format":"standard","meta":{"jetpack_post_was_ever_published":false,"_jetpack_newsletter_access":"","_jetpack_dont_email_post_to_subs":false,"_jetpack_newsletter_tier_id":0,"_jetpack_memberships_contains_paywalled_content":false,"_jetpack_memberships_contains_paid_content":false,"footnotes":"","jetpack_publicize_message":"","jetpack_publicize_feature_enabled":true,"jetpack_social_post_already_shared":true,"jetpack_social_options":{"image_generator_settings":{"template":"highway","default_image_id":0,"font":"","enabled":false},"version":2}},"categories":[158],"tags":[238,239,15,160],"class_list":["post-1564","post","type-post","status-publish","format-standard","has-post-thumbnail","hentry","category-pentecote","tag-david-foenkinos","tag-dom-prosper-gueranger","tag-jean-michel-dunand","tag-pentecote"],"jetpack_publicize_connections":[],"jetpack_featured_media_url":"https:\/\/i0.wp.com\/www.communion-bethanie.org\/wp-content\/uploads\/2021\/05\/2021-0523-souffle-pentecote.jpg?fit=540%2C380&ssl=1","jetpack_likes_enabled":true,"jetpack_sharing_enabled":true,"_links":{"self":[{"href":"https:\/\/www.communion-bethanie.org\/index.php?rest_route=\/wp\/v2\/posts\/1564","targetHints":{"allow":["GET"]}}],"collection":[{"href":"https:\/\/www.communion-bethanie.org\/index.php?rest_route=\/wp\/v2\/posts"}],"about":[{"href":"https:\/\/www.communion-bethanie.org\/index.php?rest_route=\/wp\/v2\/types\/post"}],"author":[{"embeddable":true,"href":"https:\/\/www.communion-bethanie.org\/index.php?rest_route=\/wp\/v2\/users\/1"}],"replies":[{"embeddable":true,"href":"https:\/\/www.communion-bethanie.org\/index.php?rest_route=%2Fwp%2Fv2%2Fcomments&post=1564"}],"version-history":[{"count":1,"href":"https:\/\/www.communion-bethanie.org\/index.php?rest_route=\/wp\/v2\/posts\/1564\/revisions"}],"predecessor-version":[{"id":1566,"href":"https:\/\/www.communion-bethanie.org\/index.php?rest_route=\/wp\/v2\/posts\/1564\/revisions\/1566"}],"wp:featuredmedia":[{"embeddable":true,"href":"https:\/\/www.communion-bethanie.org\/index.php?rest_route=\/wp\/v2\/media\/1565"}],"wp:attachment":[{"href":"https:\/\/www.communion-bethanie.org\/index.php?rest_route=%2Fwp%2Fv2%2Fmedia&parent=1564"}],"wp:term":[{"taxonomy":"category","embeddable":true,"href":"https:\/\/www.communion-bethanie.org\/index.php?rest_route=%2Fwp%2Fv2%2Fcategories&post=1564"},{"taxonomy":"post_tag","embeddable":true,"href":"https:\/\/www.communion-bethanie.org\/index.php?rest_route=%2Fwp%2Fv2%2Ftags&post=1564"}],"curies":[{"name":"wp","href":"https:\/\/api.w.org\/{rel}","templated":true}]}}