{"id":1737,"date":"2021-10-18T00:01:00","date_gmt":"2021-10-17T22:01:00","guid":{"rendered":"https:\/\/www.communion-bethanie.org\/?p=1737"},"modified":"2021-10-31T11:48:22","modified_gmt":"2021-10-31T10:48:22","slug":"pause-meditation-du-18-octobre-2021","status":"publish","type":"post","link":"https:\/\/www.communion-bethanie.org\/?p=1737","title":{"rendered":"Pause m\u00e9ditation du 18 octobre 2021"},"content":{"rendered":"\n<blockquote class=\"wp-block-quote is-layout-flow wp-block-quote-is-layout-flow\"><p> Une m\u00e9ditation propos\u00e9e par notre fr\u00e8re Manuel.<\/p><\/blockquote>\n\n\n\n<h3 class=\"wp-block-heading\"><strong>Il est des jours&#8230;<\/strong><\/h3>\n\n\n\n<p><em>Miens sont les cieux<br>et mienne est la terre,<br>et miens sont les gens ;<br>les justes sont miens<br>et miens les p\u00e9cheurs ;<br>les anges sont miens,<br>et la M\u00e8re de Dieu<br>et toute chose est mienne.<br>Et Dieu lui-m\u00eame est mien et pour moi,<br>parce que le Christ est mien<br>et tout entier pour moi.<\/em><\/p>\n\n\n\n<p>Que demandes-tu<br>et que cherches-tu donc, mon \u00e2me ?<br>Tout cela est tien et tout est pour toi.<br>Ne t&rsquo;estime pas moindre,<br>ne t&rsquo;arr\u00eate pas aux miettes<br>qui tombent de la table de ton P\u00e8re.<\/p>\n\n\n\n<p>Sors au-dehors et glorifie-toi en ta gloire.<br>Cache-toi en elle et sois dans la joie<br>et tu obtiendras les d\u00e9sirs de ton c\u0153ur.<\/p>\n\n\n\n<p>Jean de la Croix, <em>Pri\u00e8re de l\u2019\u00e2me enamour\u00e9e<\/em><\/p>\n\n\n\n<p>Il est des jours o\u00f9 nos \u00e9paules se courbent et le poids de notre \u00eatre nous semble insurmontable. Il est des jours o\u00f9 nous nous trouvons moches. Il est des jours o\u00f9 nous nous sentons b\u00eates et m\u00e9chant\u00b7es. Il est des jours o\u00f9 nous nous percevons oblig\u00e9\u00b7es de mendier un peu d\u2019affection pour nous sentir vivant\u00b7es. Il est des jours o\u00f9 nous nous pensons indignes de tout. Le pire est qu\u2019il est des jours o\u00f9 nous croyons tout cela, vraiment.<\/p>\n\n\n\n<p>Heureusement que le po\u00e8te est l\u00e0. Ce po\u00e8te qui a puis\u00e9 dans la Parole de Dieu et dans sa profonde relation avec Lui. Heureusement que cet homme est l\u00e0, pour nous rappeler que nous sommes des filles et fils du Roi. Nous avons en nous, en notre profondeur, une dignit\u00e9 que rien ni personne peut nous enlever. Nous avons en nous des richesses qui nous lib\u00e8rent de la mendicit\u00e9. Car chacune et chacun de nous peut se dire et croire : \u00ab Je suis aim\u00e9\u00b7e d&rsquo;un amour qui d\u00e9passe tout entendement. \u00bb Ep 3, 14-19. Chacun et chacune peut se dire et croire : \u00ab Tout est \u00e0 moi car le Christ s\u2019est donn\u00e9 \u00e0 moi. \u00bb Jn 15, 9-13 et Ga 2, 20.<\/p>\n\n\n\n<p>Un seul hic : nous sommes tellement habitu\u00e9\u00b7es \u00e0 entendre cela que cela ne nous fait ni chaud ni froid. <br>Et si on essayait, rien que pour aujourd\u2019hui, de le croire vraiment, avec nos tripes ?<\/p>\n\n\n\n<p>Et on s&rsquo;y remet demain ?<\/p>\n\n\n\n<p>Manuel,<br>fr\u00e8re de la Communion B\u00e9thanie<\/p>\n","protected":false},"excerpt":{"rendered":"<p>Une m\u00e9ditation propos\u00e9e par notre fr\u00e8re Manuel. Il est des jours&#8230; Miens sont les cieuxet mienne est la terre,et miens sont les gens ;les justes sont mienset miens les p\u00e9cheurs ;les anges sont miens,et la M\u00e8re de Dieuet toute chose est mienne.Et Dieu lui-m\u00eame est mien et pour moi,parce que le Christ est mienet tout [&hellip;]<\/p>\n","protected":false},"author":1,"featured_media":1738,"comment_status":"open","ping_status":"open","sticky":false,"template":"","format":"standard","meta":{"jetpack_post_was_ever_published":false,"_jetpack_newsletter_access":"","_jetpack_dont_email_post_to_subs":false,"_jetpack_newsletter_tier_id":0,"_jetpack_memberships_contains_paywalled_content":false,"_jetpack_memberships_contains_paid_content":false,"footnotes":"","jetpack_publicize_message":"","jetpack_publicize_feature_enabled":true,"jetpack_social_post_already_shared":true,"jetpack_social_options":{"image_generator_settings":{"template":"highway","default_image_id":0,"font":"","enabled":false},"version":2}},"categories":[42,4],"tags":[305,297],"class_list":["post-1737","post","type-post","status-publish","format-standard","has-post-thumbnail","hentry","category-meditation","category-pause-meditation","tag-jean-de-la-croix","tag-manuel-schwach-fernandez"],"jetpack_publicize_connections":[],"jetpack_featured_media_url":"https:\/\/i0.wp.com\/www.communion-bethanie.org\/wp-content\/uploads\/2021\/10\/2021-10-18-poids-epaules.jpg?fit=540%2C380&ssl=1","jetpack_likes_enabled":true,"jetpack_sharing_enabled":true,"_links":{"self":[{"href":"https:\/\/www.communion-bethanie.org\/index.php?rest_route=\/wp\/v2\/posts\/1737","targetHints":{"allow":["GET"]}}],"collection":[{"href":"https:\/\/www.communion-bethanie.org\/index.php?rest_route=\/wp\/v2\/posts"}],"about":[{"href":"https:\/\/www.communion-bethanie.org\/index.php?rest_route=\/wp\/v2\/types\/post"}],"author":[{"embeddable":true,"href":"https:\/\/www.communion-bethanie.org\/index.php?rest_route=\/wp\/v2\/users\/1"}],"replies":[{"embeddable":true,"href":"https:\/\/www.communion-bethanie.org\/index.php?rest_route=%2Fwp%2Fv2%2Fcomments&post=1737"}],"version-history":[{"count":3,"href":"https:\/\/www.communion-bethanie.org\/index.php?rest_route=\/wp\/v2\/posts\/1737\/revisions"}],"predecessor-version":[{"id":1742,"href":"https:\/\/www.communion-bethanie.org\/index.php?rest_route=\/wp\/v2\/posts\/1737\/revisions\/1742"}],"wp:featuredmedia":[{"embeddable":true,"href":"https:\/\/www.communion-bethanie.org\/index.php?rest_route=\/wp\/v2\/media\/1738"}],"wp:attachment":[{"href":"https:\/\/www.communion-bethanie.org\/index.php?rest_route=%2Fwp%2Fv2%2Fmedia&parent=1737"}],"wp:term":[{"taxonomy":"category","embeddable":true,"href":"https:\/\/www.communion-bethanie.org\/index.php?rest_route=%2Fwp%2Fv2%2Fcategories&post=1737"},{"taxonomy":"post_tag","embeddable":true,"href":"https:\/\/www.communion-bethanie.org\/index.php?rest_route=%2Fwp%2Fv2%2Ftags&post=1737"}],"curies":[{"name":"wp","href":"https:\/\/api.w.org\/{rel}","templated":true}]}}