{"id":1843,"date":"2021-12-27T00:01:00","date_gmt":"2021-12-26T23:01:00","guid":{"rendered":"https:\/\/www.communion-bethanie.org\/?p=1843"},"modified":"2021-12-22T15:21:38","modified_gmt":"2021-12-22T14:21:38","slug":"pause-meditation-du-27-decembre-2021","status":"publish","type":"post","link":"https:\/\/www.communion-bethanie.org\/?p=1843","title":{"rendered":"Pause m\u00e9ditation du 27 d\u00e9cembre 2021"},"content":{"rendered":"\n<blockquote class=\"wp-block-quote is-layout-flow wp-block-quote-is-layout-flow\"><p> Une m\u00e9ditation propos\u00e9e par notre fr\u00e8re Manuel.<\/p><\/blockquote>\n\n\n\n<h3 class=\"wp-block-heading\"><strong>Viens !<\/strong><br>Ap 22, 17<\/h3>\n\n\n\n<p>Les chr\u00e9tiens de premi\u00e8re g\u00e9n\u00e9ration vivaient dans l\u2019attente du retour de J\u00e9sus qu\u2019ils pensaient imminent. Il suffit de lire les lettres de Paul pour voir l\u2019ampleur de cette perspective, et j\u2019imagine ces chr\u00e9tien-ne-s, nos fr\u00e8res et s\u0153urs a\u00een\u00e9es, en train de discerner chaque jour les signes qui annonceraient ce retour. Bon, au moment o\u00f9 je r\u00e9dige ces lignes, je me mets un peu dans leur peau et je me dis, avec une pointe de d\u00e9ception : <em>Encore une ann\u00e9e dans laquelle Il n\u2019est pas v<\/em>enu.<\/p>\n\n\n\n<p>Et pourtant il y a quelque chose en moi qui me dit que cette d\u00e9ception, si petite soit-elle, est fausse, et que cette affirmation n\u2019est pas tout \u00e0 fait vraie. Certes, le Christ n\u2019a pas encore fait ce retour dans la gloire, mais pouvons-nous dire qu\u2019Il n\u2019est pas venu du tout ?<\/p>\n\n\n\n<p><em>Il y a une triple venue du Seigneur.<\/em><\/p>\n\n\n\n<p><em>Dans sa premi\u00e8re venue, il a paru sur la terre et il a v\u00e9cu avec les hommes. Ils l\u2019ont vu et l\u2019ont pris en haine<\/em>.<\/p>\n\n\n\n<p>Lors de sa derni\u00e8re venue, toute chair verra le salut de notre Dieu et ils regarderont celui qu\u2019ils ont transperc\u00e9.<\/p>\n\n\n\n<p><em>La venue interm\u00e9diaire, elle, est cach\u00e9e : les \u00e9lus seuls la voient au fond d\u2019eux-m\u00eames et ils sont sauv\u00e9s. [\u2026]<br>Dans la premi\u00e8re, le Christ fut notre r\u00e9demption ; dans la derni\u00e8re il appara\u00eetra comme notre vie ; et entre-temps il est notre repos et notre consolation.<\/em><br>Bernard de Clairvaux (1090-1153)<\/p>\n\n\n\n<p>Je regarde donc un peu vers le pass\u00e9, vers cette ann\u00e9e qui est en train de finir, pour y discerner les traces du passage de Dieu dans ma vie. Je peux m\u2019\u00e9lancer vers l\u2019avenir dans cette assurance de la venue quotidienne du Seigneur, m\u00eame si mes journ\u00e9es ne seront pas toujours un long fleuve tranquille. Mais je regarde surtout ce moment pr\u00e9sent, cet instant, qui est <em>le moment favorable, le jour du salut. <\/em>2Co 6, 2<\/p>\n\n\n\n<p>Nous f\u00eatons la premi\u00e8re venue du Seigneur, nous attendons la troisi\u00e8me. Pendant ce temps d\u2019attente nous pouvons go\u00fbter la pr\u00e9sence discr\u00e8te et certaine de l\u2019\u00c9mmanuel, <em>Dieu-avec-nous<\/em>.<\/p>\n\n\n\n<p>Manuel,<br>fr\u00e8re de la Communion B\u00e9thanie<\/p>\n","protected":false},"excerpt":{"rendered":"<p>Une m\u00e9ditation propos\u00e9e par notre fr\u00e8re Manuel. Viens !Ap 22, 17 Les chr\u00e9tiens de premi\u00e8re g\u00e9n\u00e9ration vivaient dans l\u2019attente du retour de J\u00e9sus qu\u2019ils pensaient imminent. Il suffit de lire les lettres de Paul pour voir l\u2019ampleur de cette perspective, et j\u2019imagine ces chr\u00e9tien-ne-s, nos fr\u00e8res et s\u0153urs a\u00een\u00e9es, en train de discerner chaque jour [&hellip;]<\/p>\n","protected":false},"author":1,"featured_media":1844,"comment_status":"open","ping_status":"open","sticky":false,"template":"","format":"standard","meta":{"jetpack_post_was_ever_published":false,"_jetpack_newsletter_access":"","_jetpack_dont_email_post_to_subs":false,"_jetpack_newsletter_tier_id":0,"_jetpack_memberships_contains_paywalled_content":false,"_jetpack_memberships_contains_paid_content":false,"footnotes":"","jetpack_publicize_message":"","jetpack_publicize_feature_enabled":true,"jetpack_social_post_already_shared":true,"jetpack_social_options":{"image_generator_settings":{"template":"highway","default_image_id":0,"font":"","enabled":false},"version":2}},"categories":[42,4],"tags":[340,192],"class_list":["post-1843","post","type-post","status-publish","format-standard","has-post-thumbnail","hentry","category-meditation","category-pause-meditation","tag-bernard-de-clairvaux","tag-manuel"],"jetpack_publicize_connections":[],"jetpack_featured_media_url":"https:\/\/i0.wp.com\/www.communion-bethanie.org\/wp-content\/uploads\/2021\/12\/2021-12-27-ciel_etoiles.jpg?fit=540%2C380&ssl=1","jetpack_likes_enabled":true,"jetpack_sharing_enabled":true,"_links":{"self":[{"href":"https:\/\/www.communion-bethanie.org\/index.php?rest_route=\/wp\/v2\/posts\/1843","targetHints":{"allow":["GET"]}}],"collection":[{"href":"https:\/\/www.communion-bethanie.org\/index.php?rest_route=\/wp\/v2\/posts"}],"about":[{"href":"https:\/\/www.communion-bethanie.org\/index.php?rest_route=\/wp\/v2\/types\/post"}],"author":[{"embeddable":true,"href":"https:\/\/www.communion-bethanie.org\/index.php?rest_route=\/wp\/v2\/users\/1"}],"replies":[{"embeddable":true,"href":"https:\/\/www.communion-bethanie.org\/index.php?rest_route=%2Fwp%2Fv2%2Fcomments&post=1843"}],"version-history":[{"count":3,"href":"https:\/\/www.communion-bethanie.org\/index.php?rest_route=\/wp\/v2\/posts\/1843\/revisions"}],"predecessor-version":[{"id":1849,"href":"https:\/\/www.communion-bethanie.org\/index.php?rest_route=\/wp\/v2\/posts\/1843\/revisions\/1849"}],"wp:featuredmedia":[{"embeddable":true,"href":"https:\/\/www.communion-bethanie.org\/index.php?rest_route=\/wp\/v2\/media\/1844"}],"wp:attachment":[{"href":"https:\/\/www.communion-bethanie.org\/index.php?rest_route=%2Fwp%2Fv2%2Fmedia&parent=1843"}],"wp:term":[{"taxonomy":"category","embeddable":true,"href":"https:\/\/www.communion-bethanie.org\/index.php?rest_route=%2Fwp%2Fv2%2Fcategories&post=1843"},{"taxonomy":"post_tag","embeddable":true,"href":"https:\/\/www.communion-bethanie.org\/index.php?rest_route=%2Fwp%2Fv2%2Ftags&post=1843"}],"curies":[{"name":"wp","href":"https:\/\/api.w.org\/{rel}","templated":true}]}}