{"id":2471,"date":"2023-10-02T00:01:00","date_gmt":"2023-10-01T22:01:00","guid":{"rendered":"https:\/\/www.communion-bethanie.org\/?p=2471"},"modified":"2023-10-01T13:43:20","modified_gmt":"2023-10-01T11:43:20","slug":"pause-meditation-du-2-octobre-2023","status":"publish","type":"post","link":"https:\/\/www.communion-bethanie.org\/?p=2471","title":{"rendered":"Pause m\u00e9ditation du 2 octobre 2023"},"content":{"rendered":"\n<blockquote class=\"wp-block-quote is-layout-flow wp-block-quote-is-layout-flow\">\n<p> Une m\u00e9ditation s\u00e9lectionn\u00e9e par notre fr\u00e8re Rapha\u00ebl.<\/p>\n<\/blockquote>\n\n\n<p>Alors que s&rsquo;ach\u00e8ve le temps de la Cr\u00e9ation, je vous propose de lire ou relire ce texte, certes un peu ancien mais qui a beaucoup \u00e0 dire aujourd&rsquo;hui encore&#8230;<\/p>\n\n\n<h3 class=\"wp-block-heading\"><strong>La Lavande<\/strong><\/h3>\n\n\n\n<p><em>Le royaume des cieux est semblable \u00e0 une fleur de lavande, qui a pouss\u00e9 entre deux rochers de la montagne. Sur la pente d\u00e9sertique o\u00f9 l\u2019herbe est rare, elle exhale son parfum d\u00e9licat dont jouit seul le vent qui courbe ses tiges gr\u00eales. C\u2019est une violette tr\u00e8s humble, mais une violette courageuse, une vraie montagnarde d\u2019autant plus parfum\u00e9e qu\u2019elle est plus pr\u00e8s des cimes ; une sauvage avide de grand air, qui n\u2019aime pas l\u2019ombre des for\u00eats et se rit de la solitude et des pierres.<\/em><\/p>\n\n\n\n<p><em>Comme toutes les fleurs elle passe et se fane ; et de son parfum rien ne restera.<\/em><\/p>\n\n\n\n<p><em>Mais un homme vieux coupe la faible plante et l\u2019entasse dans l\u2019alambic de cuivre aupr\u00e8s du ruisseau. Son industrie \u00e9ternise ce parfum des soirs de juillet et dans l\u2019essence qui coule goutte \u00e0 goutte, nous respirons encore toute la beaut\u00e9 de la fleur sacrifi\u00e9e.<\/em><\/p>\n\n\n\n<p><em>Jeune fille de la montagne, jeune fille courageuse et simple, regarde la lavande qui est le lys des champs. Elle te dira que tu n\u2019as pas \u00e0 regretter d\u2019avoir grandi dans une ferme solitaire au pied des rochers. Certainement, le sentier qui m\u00e8ne chez toi n\u2019est gu\u00e8re fr\u00e9quent\u00e9 et c\u2019est de la vall\u00e9e lointaine que montent le fracas des trains et le ronflement des moteurs, bruits de la civilisation. Mais dans cette tranquillit\u00e9, on entend mieux la voix divine et c\u2019est un privil\u00e8ge. Jeune fille, aime ta montagne car elle est inspiratrice et pure.<\/em><\/p>\n\n\n\n<p><em>Elle te dira aussi qu\u2019il est en toi un parfum digne d\u2019\u00e9ternit\u00e9, c\u2019est ton \u00e2me.<\/em><\/p>\n\n\n\n<p><em>Avant que s\u2019\u00e9panouisse en toi la joyeuse certitude de cette \u00e9ternit\u00e9, il te faudra peut-\u00eatre, comme la fleur, renoncer \u00e0 toi-m\u00eame et beaucoup souffrir. Mais c\u2019est dans ces \u00e9preuves que Dieu te montrera les vraies valeurs de la vie et que tu pourras t\u2019attacher \u00e0 ce qui demeure.<\/em><\/p>\n\n\n\n<p><em>Voil\u00e0 ce que te dira la fleur des montagnes.<\/em><\/p>\n\n\n\n<p>Jean Cadier<\/p>\n\n\n\n<p><br>Rapha\u00ebl,<br>fr\u00e8re de la Communion B\u00e9thanie<\/p>\n","protected":false},"excerpt":{"rendered":"<p>Une m\u00e9ditation s\u00e9lectionn\u00e9e par notre fr\u00e8re Rapha\u00ebl. Alors que s&rsquo;ach\u00e8ve le temps de la Cr\u00e9ation, je vous propose de lire ou relire ce texte, certes un peu ancien mais qui a beaucoup \u00e0 dire aujourd&rsquo;hui encore&#8230; La Lavande Le royaume des cieux est semblable \u00e0 une fleur de lavande, qui a pouss\u00e9 entre deux rochers [&hellip;]<\/p>\n","protected":false},"author":1,"featured_media":2473,"comment_status":"open","ping_status":"open","sticky":false,"template":"","format":"standard","meta":{"jetpack_post_was_ever_published":false,"_jetpack_newsletter_access":"","_jetpack_dont_email_post_to_subs":false,"_jetpack_newsletter_tier_id":0,"_jetpack_memberships_contains_paywalled_content":false,"_jetpack_memberships_contains_paid_content":false,"footnotes":"","jetpack_publicize_message":"","jetpack_publicize_feature_enabled":true,"jetpack_social_post_already_shared":true,"jetpack_social_options":{"image_generator_settings":{"template":"highway","default_image_id":0,"font":"","enabled":false},"version":2}},"categories":[42,4],"tags":[470,469,122],"class_list":["post-2471","post","type-post","status-publish","format-standard","has-post-thumbnail","hentry","category-meditation","category-pause-meditation","tag-jean-cadier","tag-lavande","tag-raphael"],"jetpack_publicize_connections":[],"jetpack_featured_media_url":"https:\/\/i0.wp.com\/www.communion-bethanie.org\/wp-content\/uploads\/2023\/10\/231002-lavande-sauvage.jpg?fit=540%2C380&ssl=1","jetpack_likes_enabled":true,"jetpack_sharing_enabled":true,"_links":{"self":[{"href":"https:\/\/www.communion-bethanie.org\/index.php?rest_route=\/wp\/v2\/posts\/2471","targetHints":{"allow":["GET"]}}],"collection":[{"href":"https:\/\/www.communion-bethanie.org\/index.php?rest_route=\/wp\/v2\/posts"}],"about":[{"href":"https:\/\/www.communion-bethanie.org\/index.php?rest_route=\/wp\/v2\/types\/post"}],"author":[{"embeddable":true,"href":"https:\/\/www.communion-bethanie.org\/index.php?rest_route=\/wp\/v2\/users\/1"}],"replies":[{"embeddable":true,"href":"https:\/\/www.communion-bethanie.org\/index.php?rest_route=%2Fwp%2Fv2%2Fcomments&post=2471"}],"version-history":[{"count":1,"href":"https:\/\/www.communion-bethanie.org\/index.php?rest_route=\/wp\/v2\/posts\/2471\/revisions"}],"predecessor-version":[{"id":2472,"href":"https:\/\/www.communion-bethanie.org\/index.php?rest_route=\/wp\/v2\/posts\/2471\/revisions\/2472"}],"wp:featuredmedia":[{"embeddable":true,"href":"https:\/\/www.communion-bethanie.org\/index.php?rest_route=\/wp\/v2\/media\/2473"}],"wp:attachment":[{"href":"https:\/\/www.communion-bethanie.org\/index.php?rest_route=%2Fwp%2Fv2%2Fmedia&parent=2471"}],"wp:term":[{"taxonomy":"category","embeddable":true,"href":"https:\/\/www.communion-bethanie.org\/index.php?rest_route=%2Fwp%2Fv2%2Fcategories&post=2471"},{"taxonomy":"post_tag","embeddable":true,"href":"https:\/\/www.communion-bethanie.org\/index.php?rest_route=%2Fwp%2Fv2%2Ftags&post=2471"}],"curies":[{"name":"wp","href":"https:\/\/api.w.org\/{rel}","templated":true}]}}