{"id":2605,"date":"2023-12-25T00:01:00","date_gmt":"2023-12-24T23:01:00","guid":{"rendered":"https:\/\/www.communion-bethanie.org\/?p=2605"},"modified":"2024-02-18T16:21:56","modified_gmt":"2024-02-18T15:21:56","slug":"noel-2023","status":"publish","type":"post","link":"https:\/\/www.communion-bethanie.org\/?p=2605","title":{"rendered":"No\u00ebl 2023"},"content":{"rendered":"\n<blockquote class=\"wp-block-quote is-layout-flow wp-block-quote-is-layout-flow\">\n<p>M\u00e9ditation pour le jour de No\u00ebl propos\u00e9e par Timoth\u00e9e de Rauglaudre.<\/p>\n<\/blockquote>\n\n\n\n<h3 class=\"wp-block-heading\"><strong>\u00ab Un royaume incarn\u00e9 \u00bb  <\/strong><br>Jean 1, 1-18<\/h3>\n\n\n<p>Cette derni\u00e8re m\u00e9ditation sera conclusive. Du moins synth\u00e9tique. Car aujourd&rsquo;hui est un d\u00e9but, non une fin. Et le Christ est celui qui ouvre, celui qui r\u00e9capitule. \u00c0 sa suite, r\u00e9capitulons donc. Durant ces quatre dimanches de l&rsquo;Avent, j&rsquo;ai explor\u00e9 pour vous quatre figures bibliques, ou plut\u00f4t trois et demi. D&rsquo;abord celle du veilleur, de l&rsquo;<em>\u00e9veill\u00e9<\/em>,\u00a0qui guette l&rsquo;aurore, qui attend la venue du Christ et pr\u00eate <em>attention<\/em>\u00a0au plus petit, \u00e0 l&rsquo;opprim\u00e9. Celle du proph\u00e8te ensuite, \u00e0 travers le dernier des proph\u00e8tes (avant la venue du Messie), Jean le Baptiste : un proph\u00e8te qui annonce le temps du Messie, un proph\u00e8te de paix, de sobri\u00e9t\u00e9 et de folie, un proph\u00e8te d&rsquo;humilit\u00e9, qui s&rsquo;abaisse. La figure de Marie enfin, celle qui a la foi r\u00e9volutionnaire, qui r\u00e9concilie l&rsquo;accueil de l&rsquo;ange Gabriel et l&rsquo;annonce lib\u00e9ratrice du <em>Magnificat<\/em>.<\/p>\n\n\n<p><b><em>Le Verbe s&rsquo;est fait chair<\/em><\/b><\/p>\n\n\n<p>Chacun de nous, chaque croyant, est appel\u00e9 \u00e0 habiter tous ces r\u00f4les, \u00e0 un moment ou \u00e0 un autre de sa vie, \u00e0 son \u00e9chelle. \u00c0 veiller, \u00e0 proph\u00e9tiser, \u00e0 faire activement confiance. Tous ces r\u00f4les nous sanctifient et nous font entrer un peu dans la J\u00e9rusalem c\u00e9leste. Telle est la joie du chr\u00e9tien. Mais aucune de ces figures n&rsquo;est un visage \u00e9vanescent, fantomatique. Ce sont des visages de chair. C&rsquo;est ce que nous enseigne l&rsquo;\u00c9vangile en ce jour b\u00e9ni de la Nativit\u00e9 de notre Seigneur J\u00e9sus-Christ. <em>Et le Verbe s\u2019est fait chair, il a habit\u00e9 parmi nous<\/em> (Jean 1, 14). Nous connaissons bien cette formule. Mais avons-nous vraiment compris sa port\u00e9e ? Avons-nous vraiment assimil\u00e9 ce que signifie ce myst\u00e8re de l&rsquo;Incarnation, le myst\u00e8re de ce Dieu tout-puissant qui a pris notre condition d&rsquo;hommes, une condition de petit parmi les petits, qui plus est ?<\/p>\n\n\n<p><b>Un mat\u00e9rialisme spirituel<\/b><\/p>\n\n\n<p>Matthieu nous raconte que les disciples, voyant J\u00e9sus marcher sur la mer, sont d&rsquo;abord effray\u00e9s, croyant voir un fant\u00f4me (Matthieu 14, 26). C&rsquo;est l\u00e0 un de nos plus grands p\u00e9ch\u00e9s. Spiritualiser \u00e0 l&rsquo;exc\u00e8s la promesse de l&rsquo;\u00c9vangile. Refuser le monde en attendant l&rsquo;av\u00e8nement d&rsquo;un royaume lointain, dans les hauteurs de l&rsquo;esprit, sans comprendre que ce royaume est d\u00e9j\u00e0 <em>au milieu de<\/em> [nous] (Luc 17, 21). Que le Christ a pris chair, qu&rsquo;il est mort en souffrant dans sa chair, qu&rsquo;il a ressuscit\u00e9 dans sa chair. Qu&rsquo;il s&rsquo;est incarn\u00e9 dans une \u00e9poque, avec ses sp\u00e9cificit\u00e9s, ses paysages, ses souffrances, ses rapports de pouvoir. Que ses paraboles parlent de la terre, de l&rsquo;<em>humus<\/em>, parce que la conscience de la mati\u00e8re, de la poussi\u00e8re, est le premier pas sur le chemin de l&rsquo;humilit\u00e9. Le christianisme est un mat\u00e9rialisme spirituel, ou un spiritualisme mat\u00e9riel. L&rsquo;\u00c9vangile, c&rsquo;est une promesse d&rsquo;universel qui est apparue dans un contexte particulier. Aussi, c&rsquo;est de fa\u00e7on incarn\u00e9e, contextualis\u00e9e dans notre \u00e9poque, que nous devons recevoir ce message qui, lui, n&rsquo;a pas boug\u00e9. Nous devons \u00eatre des veilleurs <em>incarn\u00e9s<\/em>, des proph\u00e8tes <em>incarn\u00e9s<\/em>, des \u00ab servantes du Seigneur \u00bb <em>incarn\u00e9es<\/em>. C&rsquo;est seulement avec cette conscience que nous pourrons honorer notre Sauveur, cette faible lueur qui resplendit dans la cr\u00e8che, et que nous pourrons commencer \u00e0 voir le royaume qui se b\u00e2tit, patiemment, discr\u00e8tement, autour de nous.<\/p>\n<p>Ce chant pour accompagner la m\u00e9ditation\u00a0: <em>The Kingdom of God<\/em> de Taiz\u00e9.<\/p>\n<p>Timoth\u00e9e de Rauglaudre<br \/>Journaliste et auteur<\/p>","protected":false},"excerpt":{"rendered":"<p>M\u00e9ditation pour le jour de No\u00ebl propos\u00e9e par Timoth\u00e9e de Rauglaudre. \u00ab Un royaume incarn\u00e9 \u00bb Jean 1, 1-18 Cette derni\u00e8re m\u00e9ditation sera conclusive. Du moins synth\u00e9tique. Car aujourd&rsquo;hui est un d\u00e9but, non une fin. Et le Christ est celui qui ouvre, celui qui r\u00e9capitule. \u00c0 sa suite, r\u00e9capitulons donc. Durant ces quatre dimanches de [&hellip;]<\/p>\n","protected":false},"author":1,"featured_media":2606,"comment_status":"open","ping_status":"open","sticky":false,"template":"","format":"standard","meta":{"jetpack_post_was_ever_published":false,"_jetpack_newsletter_access":"","_jetpack_dont_email_post_to_subs":false,"_jetpack_newsletter_tier_id":0,"_jetpack_memberships_contains_paywalled_content":false,"_jetpack_memberships_contains_paid_content":false,"footnotes":"","jetpack_publicize_message":"","jetpack_publicize_feature_enabled":true,"jetpack_social_post_already_shared":true,"jetpack_social_options":{"image_generator_settings":{"template":"highway","default_image_id":0,"font":"","enabled":false},"version":2}},"categories":[74,42,118,4],"tags":[117,36,480],"class_list":["post-2605","post","type-post","status-publish","format-standard","has-post-thumbnail","hentry","category-dates","category-meditation","category-noel","category-pause-meditation","tag-noel","tag-pause-meditation","tag-timothee-de-rauglaudre"],"jetpack_publicize_connections":[],"jetpack_featured_media_url":"https:\/\/i0.wp.com\/www.communion-bethanie.org\/wp-content\/uploads\/2023\/12\/231225-Noel.jpeg?fit=541%2C380&ssl=1","jetpack_likes_enabled":true,"jetpack_sharing_enabled":true,"_links":{"self":[{"href":"https:\/\/www.communion-bethanie.org\/index.php?rest_route=\/wp\/v2\/posts\/2605","targetHints":{"allow":["GET"]}}],"collection":[{"href":"https:\/\/www.communion-bethanie.org\/index.php?rest_route=\/wp\/v2\/posts"}],"about":[{"href":"https:\/\/www.communion-bethanie.org\/index.php?rest_route=\/wp\/v2\/types\/post"}],"author":[{"embeddable":true,"href":"https:\/\/www.communion-bethanie.org\/index.php?rest_route=\/wp\/v2\/users\/1"}],"replies":[{"embeddable":true,"href":"https:\/\/www.communion-bethanie.org\/index.php?rest_route=%2Fwp%2Fv2%2Fcomments&post=2605"}],"version-history":[{"count":5,"href":"https:\/\/www.communion-bethanie.org\/index.php?rest_route=\/wp\/v2\/posts\/2605\/revisions"}],"predecessor-version":[{"id":2687,"href":"https:\/\/www.communion-bethanie.org\/index.php?rest_route=\/wp\/v2\/posts\/2605\/revisions\/2687"}],"wp:featuredmedia":[{"embeddable":true,"href":"https:\/\/www.communion-bethanie.org\/index.php?rest_route=\/wp\/v2\/media\/2606"}],"wp:attachment":[{"href":"https:\/\/www.communion-bethanie.org\/index.php?rest_route=%2Fwp%2Fv2%2Fmedia&parent=2605"}],"wp:term":[{"taxonomy":"category","embeddable":true,"href":"https:\/\/www.communion-bethanie.org\/index.php?rest_route=%2Fwp%2Fv2%2Fcategories&post=2605"},{"taxonomy":"post_tag","embeddable":true,"href":"https:\/\/www.communion-bethanie.org\/index.php?rest_route=%2Fwp%2Fv2%2Ftags&post=2605"}],"curies":[{"name":"wp","href":"https:\/\/api.w.org\/{rel}","templated":true}]}}