{"id":267,"date":"2019-08-31T14:00:44","date_gmt":"2019-08-31T12:00:44","guid":{"rendered":"https:\/\/www.communion-bethanie.org\/?p=267"},"modified":"2019-08-31T20:03:45","modified_gmt":"2019-08-31T18:03:45","slug":"bienvenue-sur-notre-nouveau-site","status":"publish","type":"post","link":"https:\/\/www.communion-bethanie.org\/?p=267","title":{"rendered":"Bienvenue sur notre nouveau site"},"content":{"rendered":"\n<p> Pour donner suite \u00e0 une une pr\u00e9sentation et une discussion lors de la retraite d&rsquo;\u00e9t\u00e9 2019 \u00e0 Strasbourg, il a \u00e9t\u00e9 d\u00e9cid\u00e9 des changements suivants :<\/p>\n\n\n\n<h4 class=\"wp-block-heading\">Nous migrons notre site internet.<\/h4>\n\n\n\n<blockquote class=\"wp-block-quote is-layout-flow wp-block-quote-is-layout-flow\"><p>L&rsquo;ancien site (<a href=\"http:\/\/communionbethanie.blogspirit.com\/\">http:\/\/communionbethanie.blogspirit.com\/<\/a> ) fonctionne toujours. il ne sera plus mis \u00e0 jour d\u00e8s le 1er septembre mais restera accessible pour consulter les archives.<\/p><\/blockquote>\n\n\n\n<p>Ce site, plus moderne et plus s\u00e9curis\u00e9, r\u00e9pond aux normes de s\u00e9curit\u00e9 et de confidentialit\u00e9 \u00e9dict\u00e9es par l&rsquo;Union europ\u00e9enne.<\/p>\n\n\n\n<p>Nous vous souhaitons une bonne d\u00e9couverte de nos diff\u00e9rentes pages et rubriques. Dans le menu, en haut de chaque page, vous trouverez un signet <strong>\ud83d\ude09\ud83d\ude09\ud83d\ude09<\/strong> avec de nombreuses sous-pages.<\/p>\n\n\n\n<h4 class=\"wp-block-heading\">Nous modifions les publications du lundi et du jeudi (\u00e0 00h05)<\/h4>\n\n\n\n<ul class=\"wp-block-list\"><li><strong>Pause m\u00e9ditation du lundi<\/strong><ul><li>Par e-mail, sur ce site, Facebook et Twitter<\/li><li>Alternance entre des contributeurs r\u00e9guliers et des contributrices r\u00e9guli\u00e8res dans les temps ordinaires et des contributions exceptionnelles pendant les temps sp\u00e9ciaux (Car\u00eame, Avant, etc.)<\/li><li>Pas d\u2019intentions de pri\u00e8re \u00abSeigneur, devant toi, \u2026\u00bb<\/li><li>Image de circonstance.<\/li><li>Y compris pendant les p\u00e9riodes sp\u00e9ciales.<\/li><\/ul><\/li><\/ul>\n\n\n\n<ul class=\"wp-block-list\"><li><strong>Pause pri\u00e8re une fois par mois<\/strong><ul><li>Par e-mail uniquement aupr\u00e8s des membres (fr\u00e8res et s\u0153urs) ainsi que  pour les amis et amies.<\/li><li>PAS sur le site ni sur Facebook ni sur Twitter<\/li><li>Les intentions sont fournies par le prieur, les membres et les amis<\/li><li>Avec des intentions g\u00e9n\u00e9rales plut\u00f4t que personnelles<\/li><li>Uniquement les intentions \u00abSeigneur, nous te louons pour : \u2026\u00bb et \u00abSeigneur, devant  toi, \u2026\u00bb &#8211; sans la pri\u00e8re pr\u00e9liminaire.<\/li><li>Pas pendant les p\u00e9riodes sp\u00e9ciales.<\/li><\/ul><\/li><\/ul>\n\n\n\n<p><em>Dans la page \u00ab\u00a0Contact\u00a0\u00bb (sous l&rsquo;onglet <\/em> <strong>\ud83d\ude09\ud83d\ude09\ud83d\ude09)<\/strong> <em> vous pouvez nous laisser vos remarques et vos commentaires. Ils seront les bienvenus.<\/em><\/p>\n\n\n\n<p><em>Si vous souhaitez recevoir un avis lors de chaque nouvelle publication sur ce site, laissez vos coordonn\u00e9es en bas de l&rsquo;une des pages : <\/em>Abonnez-vous \u00e0 ce blog par e-mail.<\/p>\n","protected":false},"excerpt":{"rendered":"<p>Pour donner suite \u00e0 une une pr\u00e9sentation et une discussion lors de la retraite d&rsquo;\u00e9t\u00e9 2019 \u00e0 Strasbourg, il a \u00e9t\u00e9 d\u00e9cid\u00e9 des changements suivants : Nous migrons notre site internet. L&rsquo;ancien site (http:\/\/communionbethanie.blogspirit.com\/ ) fonctionne toujours. il ne sera plus mis \u00e0 jour d\u00e8s le 1er septembre mais restera accessible pour consulter les archives. [&hellip;]<\/p>\n","protected":false},"author":1,"featured_media":335,"comment_status":"open","ping_status":"open","sticky":false,"template":"","format":"standard","meta":{"jetpack_post_was_ever_published":false,"_jetpack_newsletter_access":"","_jetpack_dont_email_post_to_subs":false,"_jetpack_newsletter_tier_id":0,"_jetpack_memberships_contains_paywalled_content":false,"_jetpack_memberships_contains_paid_content":false,"footnotes":"","jetpack_publicize_message":"","jetpack_publicize_feature_enabled":true,"jetpack_social_post_already_shared":true,"jetpack_social_options":{"image_generator_settings":{"template":"highway","default_image_id":0,"font":"","enabled":false},"version":2}},"categories":[38],"tags":[35,36,37],"class_list":["post-267","post","type-post","status-publish","format-standard","has-post-thumbnail","hentry","category-news-communion-bethanie","tag-nouveau-site","tag-pause-meditation","tag-pause-priere"],"jetpack_publicize_connections":[],"jetpack_featured_media_url":"https:\/\/i0.wp.com\/www.communion-bethanie.org\/wp-content\/uploads\/2019\/07\/2019-08-31-Migration.jpg?fit=240%2C160&ssl=1","jetpack_likes_enabled":true,"jetpack_sharing_enabled":true,"_links":{"self":[{"href":"https:\/\/www.communion-bethanie.org\/index.php?rest_route=\/wp\/v2\/posts\/267","targetHints":{"allow":["GET"]}}],"collection":[{"href":"https:\/\/www.communion-bethanie.org\/index.php?rest_route=\/wp\/v2\/posts"}],"about":[{"href":"https:\/\/www.communion-bethanie.org\/index.php?rest_route=\/wp\/v2\/types\/post"}],"author":[{"embeddable":true,"href":"https:\/\/www.communion-bethanie.org\/index.php?rest_route=\/wp\/v2\/users\/1"}],"replies":[{"embeddable":true,"href":"https:\/\/www.communion-bethanie.org\/index.php?rest_route=%2Fwp%2Fv2%2Fcomments&post=267"}],"version-history":[{"count":8,"href":"https:\/\/www.communion-bethanie.org\/index.php?rest_route=\/wp\/v2\/posts\/267\/revisions"}],"predecessor-version":[{"id":334,"href":"https:\/\/www.communion-bethanie.org\/index.php?rest_route=\/wp\/v2\/posts\/267\/revisions\/334"}],"wp:featuredmedia":[{"embeddable":true,"href":"https:\/\/www.communion-bethanie.org\/index.php?rest_route=\/wp\/v2\/media\/335"}],"wp:attachment":[{"href":"https:\/\/www.communion-bethanie.org\/index.php?rest_route=%2Fwp%2Fv2%2Fmedia&parent=267"}],"wp:term":[{"taxonomy":"category","embeddable":true,"href":"https:\/\/www.communion-bethanie.org\/index.php?rest_route=%2Fwp%2Fv2%2Fcategories&post=267"},{"taxonomy":"post_tag","embeddable":true,"href":"https:\/\/www.communion-bethanie.org\/index.php?rest_route=%2Fwp%2Fv2%2Ftags&post=267"}],"curies":[{"name":"wp","href":"https:\/\/api.w.org\/{rel}","templated":true}]}}