{"id":2743,"date":"2024-03-24T00:01:00","date_gmt":"2024-03-23T23:01:00","guid":{"rendered":"https:\/\/www.communion-bethanie.org\/?p=2743"},"modified":"2024-03-31T03:44:37","modified_gmt":"2024-03-31T01:44:37","slug":"dimanche-des-rameaux-2024","status":"publish","type":"post","link":"https:\/\/www.communion-bethanie.org\/?p=2743","title":{"rendered":"Dimanche des Rameaux 2024"},"content":{"rendered":"\n<blockquote class=\"wp-block-quote is-layout-flow wp-block-quote-is-layout-flow\">\n<p>Tout au long de ce Car\u00eame 2024 et jusqu\u2019\u00e0 P\u00e2ques, retrouvez les m\u00e9ditations s\u00e9lectionn\u00e9es par notre fr\u00e8re prieur Jean-Michel. <\/p>\n<\/blockquote>\n\n\n\n<h3 class=\"wp-block-heading\"><strong>Un regard qui commence l\u00e0 o\u00f9 celui des autres s\u2019arr\u00eate<\/strong><\/h3>\n\n\n\n\n\n\n\n<div class=\"wp-block-group\"><div class=\"wp-block-group__inner-container is-layout-constrained wp-block-group-is-layout-constrained\">\n<p><em>Amen, amen, je vous le dis :<br>si le grain de bl\u00e9 tomb\u00e9 en terre ne meurt pas,<br>il reste seul ;<\/em><\/p>\n\n\n\n<p><em>mais s\u2019il meurt,<br>il porte beaucoup de fruit.<\/em><br>Jean 12, 20-33<\/p>\n<\/div><\/div>\n\n\n\n<p><em>Maintenant que ta vie, J\u00e9sus, a chavir\u00e9 dans la mort, que ta parole est devenue silence et ta pr\u00e9sence absence, maintenant qu\u2019il n\u2019y a plus rien \u00e0 voir, la foule s\u2019en va vers d\u2019autres spectacles.<\/em><\/p>\n\n\n\n<p><em>Seigneur, apprends-nous ce regard qui commence l\u00e0 o\u00f9 celui des autres s\u2019arr\u00eate !<\/em><\/p>\n\n\n\n<p><em>Apprends-nous la patience du grain de bl\u00e9 et l\u2019attente qui n\u2019est pas une lassitude, mais une mani\u00e8re de se tenir dans la promesse.<\/em><\/p>\n\n\n\n<p><em>Nous nommons aujourd\u2019hui devant toi ceux et celles qui vivent un temps d\u2019\u00e9clatement et de remise en question, un temps de deuil ou de maladie.<\/em><\/p>\n\n\n\n<p><em>Nous nous r\u00e9jouissons avec ceux et celles qui prennent pied et qui ont des envies pour demain.<\/em><\/p>\n\n\n\n<p><em>Garde-nous accueillants \u00e0 ceux et celles qui cherchent leur voie et vivent leur foi autrement que nous.<\/em><\/p>\n\n\n\n<p><em>Pr\u00e9serve-nous de toute suffisance et donne-nous plut\u00f4t de t\u00e9moigner de la largesse du regard que tu poses sur chaque \u00eatre humain.<\/em><\/p>\n\n\n\n<p>Pasteure Francine Carrillo<\/p>\n","protected":false},"excerpt":{"rendered":"<p>Tout au long de ce Car\u00eame 2024 et jusqu\u2019\u00e0 P\u00e2ques, retrouvez les m\u00e9ditations s\u00e9lectionn\u00e9es par notre fr\u00e8re prieur Jean-Michel. Un regard qui commence l\u00e0 o\u00f9 celui des autres s\u2019arr\u00eate Amen, amen, je vous le dis :si le grain de bl\u00e9 tomb\u00e9 en terre ne meurt pas,il reste seul ; mais s\u2019il meurt,il porte beaucoup de [&hellip;]<\/p>\n","protected":false},"author":1,"featured_media":2745,"comment_status":"open","ping_status":"open","sticky":false,"template":"","format":"standard","meta":{"jetpack_post_was_ever_published":false,"_jetpack_newsletter_access":"","_jetpack_dont_email_post_to_subs":false,"_jetpack_newsletter_tier_id":0,"_jetpack_memberships_contains_paywalled_content":false,"_jetpack_memberships_contains_paid_content":false,"footnotes":"","jetpack_publicize_message":"","jetpack_publicize_feature_enabled":true,"jetpack_social_post_already_shared":true,"jetpack_social_options":{"image_generator_settings":{"template":"highway","default_image_id":0,"font":"","enabled":false},"version":2}},"categories":[142],"tags":[232,143],"class_list":["post-2743","post","type-post","status-publish","format-standard","has-post-thumbnail","hentry","category-rameaux","tag-francine-carillo","tag-rameaux"],"jetpack_publicize_connections":[],"jetpack_featured_media_url":"https:\/\/i0.wp.com\/www.communion-bethanie.org\/wp-content\/uploads\/2024\/03\/240324-lumiere.png?fit=540%2C380&ssl=1","jetpack_likes_enabled":true,"jetpack_sharing_enabled":true,"_links":{"self":[{"href":"https:\/\/www.communion-bethanie.org\/index.php?rest_route=\/wp\/v2\/posts\/2743","targetHints":{"allow":["GET"]}}],"collection":[{"href":"https:\/\/www.communion-bethanie.org\/index.php?rest_route=\/wp\/v2\/posts"}],"about":[{"href":"https:\/\/www.communion-bethanie.org\/index.php?rest_route=\/wp\/v2\/types\/post"}],"author":[{"embeddable":true,"href":"https:\/\/www.communion-bethanie.org\/index.php?rest_route=\/wp\/v2\/users\/1"}],"replies":[{"embeddable":true,"href":"https:\/\/www.communion-bethanie.org\/index.php?rest_route=%2Fwp%2Fv2%2Fcomments&post=2743"}],"version-history":[{"count":3,"href":"https:\/\/www.communion-bethanie.org\/index.php?rest_route=\/wp\/v2\/posts\/2743\/revisions"}],"predecessor-version":[{"id":2759,"href":"https:\/\/www.communion-bethanie.org\/index.php?rest_route=\/wp\/v2\/posts\/2743\/revisions\/2759"}],"wp:featuredmedia":[{"embeddable":true,"href":"https:\/\/www.communion-bethanie.org\/index.php?rest_route=\/wp\/v2\/media\/2745"}],"wp:attachment":[{"href":"https:\/\/www.communion-bethanie.org\/index.php?rest_route=%2Fwp%2Fv2%2Fmedia&parent=2743"}],"wp:term":[{"taxonomy":"category","embeddable":true,"href":"https:\/\/www.communion-bethanie.org\/index.php?rest_route=%2Fwp%2Fv2%2Fcategories&post=2743"},{"taxonomy":"post_tag","embeddable":true,"href":"https:\/\/www.communion-bethanie.org\/index.php?rest_route=%2Fwp%2Fv2%2Ftags&post=2743"}],"curies":[{"name":"wp","href":"https:\/\/api.w.org\/{rel}","templated":true}]}}