{"id":2752,"date":"2024-03-31T00:01:00","date_gmt":"2024-03-30T23:01:00","guid":{"rendered":"https:\/\/www.communion-bethanie.org\/?p=2752"},"modified":"2024-03-31T03:46:37","modified_gmt":"2024-03-31T01:46:37","slug":"dimanche-de-paques-2024","status":"publish","type":"post","link":"https:\/\/www.communion-bethanie.org\/?p=2752","title":{"rendered":"Dimanche de P\u00e2ques 2024"},"content":{"rendered":"\n<blockquote class=\"wp-block-quote is-layout-flow wp-block-quote-is-layout-flow\">\n<p>Tout au long de ce Car\u00eame 2024 et jusqu\u2019\u00e0 P\u00e2ques, retrouvez les m\u00e9ditations s\u00e9lectionn\u00e9es par notre fr\u00e8re prieur Jean-Michel. <\/p>\n<\/blockquote>\n\n\n\n<h3 class=\"wp-block-heading\"><strong>La vie qui est devant et qui attend<\/strong><\/h3>\n\n\n\n<p><em>Ne soyez pas effray\u00e9es !<br>Vous cherchez J\u00e9sus de Nazareth, le Crucifi\u00e9 ?<\/em><\/p>\n\n\n\n<p><em>Il est ressuscit\u00e9 : il n\u2019est pas ici.<\/em><\/p>\n\n\n\n<p><em>Voici l\u2019endroit o\u00f9 on l\u2019avait d\u00e9pos\u00e9.<\/em><\/p>\n\n\n\n<p><em>Et maintenant,<br>allez dire \u00e0 ses disciples et \u00e0 Pierre :<\/em><\/p>\n\n\n\n<p><em>Il vous pr\u00e9c\u00e8de en Galil\u00e9e.<br>L\u00e0 vous le verrez,<br>comme il vous l\u2019a dit.<\/em><br>Marc 16, 1-7<\/p>\n\n\n\n<p><em>Lorsqu\u2019Isra\u00ebl partit d\u2019Egypte<br>c\u2019\u00e9tait de nuit<br>nuit de l\u2019oppression<br>o\u00f9 l\u2019on perd son nom.<\/em><\/p>\n\n\n\n<p><em>Lorsque les femmes arriv\u00e8rent<br>au tombeau<br>c\u2019\u00e9tait de nuit<br>nuit de l\u2019absence<br>o\u00f9 se disloque l\u2019esp\u00e9rance.<\/em><\/p>\n\n\n\n<p><em>Et c\u2019est encore de nuit que nous<br>venons \u00e0 Toi<br>nos pas sont incertains<br>nos mots restent pris aux rets du<br>silence.<\/em><\/p>\n\n\n\n<p><em>Or voici qu\u2019au bord de l\u2019ombre<br>\u00e0 la naissance du matin<br>la pierre qui barrait l\u2019horizon<br>roule loin de la mort.<\/em><\/p>\n\n\n\n<p><em>Une faille s\u2019ouvre dans la tristesse<br>les eaux d\u2019amertume refluent<br>le roc d\u2019angoisse devient source.<\/em><\/p>\n\n\n\n<p><em>Serait-ce que la vie n\u2019a pas<br>tout racont\u00e9<br>que le soleil n\u2019a pas fini<br>de se lever<br>qu\u2019il y a malgr\u00e9 tout un demain<br>et qu\u2019il est entre nos mains ?<\/em><\/p>\n\n\n\n<p><em>C\u2019est de nuit que nous venons \u00e0 Toi<br>mais c\u2019est de jour que tu viens<br>\u00e0 nous.<\/em><\/p>\n\n\n\n<p><em>Dans notre travers\u00e9e des t\u00e9n\u00e8bres<br>r\u00e9veille-nous<br>parle-nous de lumi\u00e8re.<\/em><\/p>\n\n\n\n<p><em>Emm\u00e8ne-nous<br>vers la vie qui est devant<br>et qui attend.<\/em><\/p>\n\n\n\n<p>Pasteure Francine Carrillo<\/p>\n","protected":false},"excerpt":{"rendered":"<p>Tout au long de ce Car\u00eame 2024 et jusqu\u2019\u00e0 P\u00e2ques, retrouvez les m\u00e9ditations s\u00e9lectionn\u00e9es par notre fr\u00e8re prieur Jean-Michel. La vie qui est devant et qui attend Ne soyez pas effray\u00e9es !Vous cherchez J\u00e9sus de Nazareth, le Crucifi\u00e9 ? Il est ressuscit\u00e9 : il n\u2019est pas ici. Voici l\u2019endroit o\u00f9 on l\u2019avait d\u00e9pos\u00e9. Et maintenant,allez [&hellip;]<\/p>\n","protected":false},"author":1,"featured_media":2753,"comment_status":"open","ping_status":"open","sticky":false,"template":"","format":"standard","meta":{"jetpack_post_was_ever_published":false,"_jetpack_newsletter_access":"","_jetpack_dont_email_post_to_subs":false,"_jetpack_newsletter_tier_id":0,"_jetpack_memberships_contains_paywalled_content":false,"_jetpack_memberships_contains_paid_content":false,"footnotes":"","jetpack_publicize_message":"","jetpack_publicize_feature_enabled":true,"jetpack_social_post_already_shared":true,"jetpack_social_options":{"image_generator_settings":{"template":"highway","default_image_id":0,"font":"","enabled":false},"version":2}},"categories":[74,145],"tags":[232,146,376],"class_list":["post-2752","post","type-post","status-publish","format-standard","has-post-thumbnail","hentry","category-dates","category-paques","tag-francine-carillo","tag-paques","tag-tenebres"],"jetpack_publicize_connections":[],"jetpack_featured_media_url":"https:\/\/i0.wp.com\/www.communion-bethanie.org\/wp-content\/uploads\/2024\/03\/240331-resurection.png?fit=540%2C380&ssl=1","jetpack_likes_enabled":true,"jetpack_sharing_enabled":true,"_links":{"self":[{"href":"https:\/\/www.communion-bethanie.org\/index.php?rest_route=\/wp\/v2\/posts\/2752","targetHints":{"allow":["GET"]}}],"collection":[{"href":"https:\/\/www.communion-bethanie.org\/index.php?rest_route=\/wp\/v2\/posts"}],"about":[{"href":"https:\/\/www.communion-bethanie.org\/index.php?rest_route=\/wp\/v2\/types\/post"}],"author":[{"embeddable":true,"href":"https:\/\/www.communion-bethanie.org\/index.php?rest_route=\/wp\/v2\/users\/1"}],"replies":[{"embeddable":true,"href":"https:\/\/www.communion-bethanie.org\/index.php?rest_route=%2Fwp%2Fv2%2Fcomments&post=2752"}],"version-history":[{"count":2,"href":"https:\/\/www.communion-bethanie.org\/index.php?rest_route=\/wp\/v2\/posts\/2752\/revisions"}],"predecessor-version":[{"id":2760,"href":"https:\/\/www.communion-bethanie.org\/index.php?rest_route=\/wp\/v2\/posts\/2752\/revisions\/2760"}],"wp:featuredmedia":[{"embeddable":true,"href":"https:\/\/www.communion-bethanie.org\/index.php?rest_route=\/wp\/v2\/media\/2753"}],"wp:attachment":[{"href":"https:\/\/www.communion-bethanie.org\/index.php?rest_route=%2Fwp%2Fv2%2Fmedia&parent=2752"}],"wp:term":[{"taxonomy":"category","embeddable":true,"href":"https:\/\/www.communion-bethanie.org\/index.php?rest_route=%2Fwp%2Fv2%2Fcategories&post=2752"},{"taxonomy":"post_tag","embeddable":true,"href":"https:\/\/www.communion-bethanie.org\/index.php?rest_route=%2Fwp%2Fv2%2Ftags&post=2752"}],"curies":[{"name":"wp","href":"https:\/\/api.w.org\/{rel}","templated":true}]}}