{"id":279,"date":"2019-08-08T00:05:57","date_gmt":"2019-08-07T22:05:57","guid":{"rendered":"https:\/\/www.communion-bethanie.org\/?p=279"},"modified":"2019-08-21T20:11:55","modified_gmt":"2019-08-21T18:11:55","slug":"pause-meditation-du-8-aout-2019","status":"publish","type":"post","link":"https:\/\/www.communion-bethanie.org\/?p=279","title":{"rendered":"Pause m\u00e9ditation du 8 ao\u00fbt 2019"},"content":{"rendered":"\n<p class=\"has-text-color has-vivid-cyan-blue-color\">Cet \u00e9t\u00e9, nous cheminerons avec le livre \u00ab&nbsp;Prier 15 jours avec Fr\u00e8re Luc, moine et m\u00e9decin \u00e0 Tibhirine&nbsp;\u00bb.<br> <br><span style=\"text-decoration: underline;\"> Les fr\u00e8res et s\u0153urs de la Communion B\u00e9thanie<\/span><\/p>\n\n\n\n<p><strong>Heureux les pauvres!<\/strong><br><br> La premi\u00e8re disposition pour entendre la Parole <br> de Dieu, c&rsquo;est la pauvret\u00e9. Il faut \u00e9viter de s&rsquo;en<br> faire une id\u00e9e simpliste : mat\u00e9rielle. C&rsquo;est aussi<br> faux que de la r\u00e9duire \u00e0 une aspiration purement<br> spirituelle. La pauvret\u00e9 mat\u00e9rielle est une situation<br> \u00e9conomique et non une vertu. La pauvret\u00e9 ne m\u00e8ne<br> pas n\u00e9cessairement \u00e0 l&rsquo;amour. Mais l&rsquo;amour vrai<br> m\u00e8ne toujours \u00e0 la pauvret\u00e9. <\/p>\n","protected":false},"excerpt":{"rendered":"<p>Cet \u00e9t\u00e9, nous cheminerons avec le livre \u00ab&nbsp;Prier 15 jours avec Fr\u00e8re Luc, moine et m\u00e9decin \u00e0 Tibhirine&nbsp;\u00bb. Les fr\u00e8res et s\u0153urs de la Communion B\u00e9thanie Heureux les pauvres! La premi\u00e8re disposition pour entendre la Parole de Dieu, c&rsquo;est la pauvret\u00e9. Il faut \u00e9viter de s&rsquo;en faire une id\u00e9e simpliste : mat\u00e9rielle. C&rsquo;est aussi faux [&hellip;]<\/p>\n","protected":false},"author":1,"featured_media":84,"comment_status":"open","ping_status":"open","sticky":false,"template":"","format":"standard","meta":{"jetpack_post_was_ever_published":false,"_jetpack_newsletter_access":"","_jetpack_dont_email_post_to_subs":false,"_jetpack_newsletter_tier_id":0,"_jetpack_memberships_contains_paywalled_content":false,"_jetpack_memberships_contains_paid_content":false,"footnotes":"","jetpack_publicize_message":"","jetpack_publicize_feature_enabled":true,"jetpack_social_post_already_shared":true,"jetpack_social_options":{"image_generator_settings":{"template":"highway","default_image_id":0,"font":"","enabled":false},"version":2}},"categories":[42,4],"tags":[6,16,17,18],"class_list":["post-279","post","type-post","status-publish","format-standard","has-post-thumbnail","hentry","category-meditation","category-pause-meditation","tag-ete","tag-frere-luc","tag-moine-et-medecin-a-tibhirine","tag-prier-15-jours"],"jetpack_publicize_connections":[],"jetpack_featured_media_url":"https:\/\/i0.wp.com\/www.communion-bethanie.org\/wp-content\/uploads\/2019\/07\/2019-07-11-Prier-15-jours-avec-Fr%C3%A8re-Luc.jpg?fit=300%2C500&ssl=1","jetpack_likes_enabled":true,"jetpack_sharing_enabled":true,"_links":{"self":[{"href":"https:\/\/www.communion-bethanie.org\/index.php?rest_route=\/wp\/v2\/posts\/279","targetHints":{"allow":["GET"]}}],"collection":[{"href":"https:\/\/www.communion-bethanie.org\/index.php?rest_route=\/wp\/v2\/posts"}],"about":[{"href":"https:\/\/www.communion-bethanie.org\/index.php?rest_route=\/wp\/v2\/types\/post"}],"author":[{"embeddable":true,"href":"https:\/\/www.communion-bethanie.org\/index.php?rest_route=\/wp\/v2\/users\/1"}],"replies":[{"embeddable":true,"href":"https:\/\/www.communion-bethanie.org\/index.php?rest_route=%2Fwp%2Fv2%2Fcomments&post=279"}],"version-history":[{"count":1,"href":"https:\/\/www.communion-bethanie.org\/index.php?rest_route=\/wp\/v2\/posts\/279\/revisions"}],"predecessor-version":[{"id":280,"href":"https:\/\/www.communion-bethanie.org\/index.php?rest_route=\/wp\/v2\/posts\/279\/revisions\/280"}],"wp:featuredmedia":[{"embeddable":true,"href":"https:\/\/www.communion-bethanie.org\/index.php?rest_route=\/wp\/v2\/media\/84"}],"wp:attachment":[{"href":"https:\/\/www.communion-bethanie.org\/index.php?rest_route=%2Fwp%2Fv2%2Fmedia&parent=279"}],"wp:term":[{"taxonomy":"category","embeddable":true,"href":"https:\/\/www.communion-bethanie.org\/index.php?rest_route=%2Fwp%2Fv2%2Fcategories&post=279"},{"taxonomy":"post_tag","embeddable":true,"href":"https:\/\/www.communion-bethanie.org\/index.php?rest_route=%2Fwp%2Fv2%2Ftags&post=279"}],"curies":[{"name":"wp","href":"https:\/\/api.w.org\/{rel}","templated":true}]}}