{"id":2840,"date":"2024-09-23T00:01:00","date_gmt":"2024-09-22T22:01:00","guid":{"rendered":"https:\/\/www.communion-bethanie.org\/?p=2840"},"modified":"2024-09-23T12:53:35","modified_gmt":"2024-09-23T10:53:35","slug":"rentree-2024","status":"publish","type":"post","link":"https:\/\/www.communion-bethanie.org\/?p=2840","title":{"rendered":"Rentr\u00e9e 2024"},"content":{"rendered":"\n<blockquote class=\"wp-block-quote is-layout-flow wp-block-quote-is-layout-flow\">\n<p>Une m\u00e9ditation propos\u00e9e par notre fr\u00e8re prieur.<\/p>\n<\/blockquote>\n\n\n\n<p>Ma terre de fond est notre Communion B\u00e9thanie.&nbsp;<\/p>\n\n\n\n<p>Au quotidien, mon m\u00e9tier est d&rsquo;\u00eatre adjoint en pastorale scolaire.<\/p>\n\n\n\n<p>J&rsquo;ose dire que ces deux r\u00e9alit\u00e9s se nourrissent l&rsquo;une l&rsquo;autre.&nbsp;<\/p>\n\n\n\n<p>Une fois n&rsquo;est pas coutume.&nbsp;<\/p>\n\n\n\n<p>Je vous partage, ci-dessous, mon mot d&rsquo;accueil pour le temps d&rsquo;int\u00e9riorit\u00e9 de notre journ\u00e9e de pr\u00e9-rentr\u00e9e.&nbsp;<\/p>\n\n\n\n<p>Un signe, modeste mais bien r\u00e9el, de la f\u00e9condit\u00e9 de notre petite famille spirituelle.<\/p>\n\n\n\n<p>\u00ab Une des particularit\u00e9s d&rsquo;un \u00e9tablissement catholique d&rsquo;enseignement, c&rsquo;est cette petite lampe qui br\u00fble, en son sein, nuit et jour, dans une pi\u00e8ce nomm\u00e9e chapelle.<\/p>\n\n\n\n<p>Notre lyc\u00e9e n&rsquo;\u00e9chappe pas \u00e0 cette particularit\u00e9.<\/p>\n\n\n\n<p>Que signifie cette lampe ?<\/p>\n\n\n\n<p>Pour les chr\u00e9tiens catholiques, elle exprime la r\u00e9elle pr\u00e9sence du Christ-J\u00e9sus, dans le pain consacr\u00e9 lors de la Messe.<\/p>\n\n\n\n<p>A l&rsquo;origine, cette r\u00e9serve eucharistique \u00e9tait l\u00e0 pour apporter la communion aux personnes absentes des assembl\u00e9es, personnes \u00e2g\u00e9es, malades, portant un handicap&#8230;<\/p>\n\n\n\n<p>Peu \u00e0 peu, cette r\u00e9serve eucharistique est devenue un appel \u00e0 l&rsquo;adoration.<\/p>\n\n\n\n<p>Cette r\u00e9serve est conserv\u00e9e dans une <em>bo\u00eete<\/em> appel\u00e9e tabernacle.<\/p>\n\n\n\n<p>Etymologiquement, le tabernacle est la tente de la rencontre.<\/p>\n\n\n\n<p>Dans une \u00e9cole catholique, une des missions premi\u00e8res du chef d&rsquo;\u00e9tablissement et de son adjoint en pastorale, c&rsquo;est de garder ce tabernacle.<\/p>\n\n\n\n<p>Ainsi, pouvons-nous comprendre, qu&rsquo;au-del\u00e0 de nos croyances religieuses ou pas, cette petite lampe signifie la veille sur notre qualit\u00e9 de rencontre.<\/p>\n\n\n\n<p>Je vous invite \u00e0 la m\u00e9ditation :<\/p>\n\n\n\n<p>Quelle est, aujourd&rsquo;hui, ma qualit\u00e9 de rencontre avec moi-m\u00eame, au plus intime de mon c\u0153ur ?<\/p>\n\n\n\n<p>Quel d\u00e9sir, me propulse, au seuil de cette ann\u00e9e scolaire nouvelle, pour me d\u00e9connecter et m&rsquo;ouvrir \u00e0 d&rsquo;autres connexions ?<\/p>\n\n\n\n<p>Quel est mon appel \u00e0 veiller sur ma qualit\u00e9 de rencontre avec les autres, avec tous les autres ?<\/p>\n\n\n\n<p>Pour les chr\u00e9tiennes, les chr\u00e9tiens, pour les croyants d&rsquo;autres religions, pour tous les chercheurs de sens parmi nous, regardons, s&rsquo;il vous pla\u00eet, quelques instants, cette lampe,<\/p>\n\n\n\n<p>Elle est le signe et le signal que Dieu est venu nous rejoindre au fond de nos ab\u00eemes.<\/p>\n\n\n\n<p>Il nous rejoint, l\u00e0 o\u00f9 personne d\u2019autre ne peut nous rejoindre.<\/p>\n\n\n\n<p>Il nous accompagne, l\u00e0 o\u00f9 personne d\u2019autre ne peut marcher avec nous.<\/p>\n\n\n\n<p>Il nous accepte l\u00e0 o\u00f9 nous ne nous acceptons pas.<\/p>\n\n\n\n<p>Il nous d\u00e9place vers les autres, en dehors de nos cercles parfois ferm\u00e9s.<\/p>\n\n\n\n<p><em>Il<\/em>, quel que soit le nom que nous lui donnons ou pas, ouvre toujours \u00e0 la rencontre. \u00bb<\/p>\n\n\n\n<p>Sereine rentr\u00e9e, scolaire, universitaire, sereine rentr\u00e9e tout court !, \u00e0 vous toutes et tous,<\/p>\n\n\n\n<p>Jean-Michel+,<br>votre fr\u00e8re prieur de la Communion B\u00e9thanie<\/p>\n\n\n\n<p><\/p>\n","protected":false},"excerpt":{"rendered":"<p>Une m\u00e9ditation propos\u00e9e par notre fr\u00e8re prieur. Ma terre de fond est notre Communion B\u00e9thanie.&nbsp; Au quotidien, mon m\u00e9tier est d&rsquo;\u00eatre adjoint en pastorale scolaire. J&rsquo;ose dire que ces deux r\u00e9alit\u00e9s se nourrissent l&rsquo;une l&rsquo;autre.&nbsp; Une fois n&rsquo;est pas coutume.&nbsp; Je vous partage, ci-dessous, mon mot d&rsquo;accueil pour le temps d&rsquo;int\u00e9riorit\u00e9 de notre journ\u00e9e de [&hellip;]<\/p>\n","protected":false},"author":1,"featured_media":2841,"comment_status":"open","ping_status":"open","sticky":false,"template":"","format":"standard","meta":{"jetpack_post_was_ever_published":false,"_jetpack_newsletter_access":"","_jetpack_dont_email_post_to_subs":false,"_jetpack_newsletter_tier_id":0,"_jetpack_memberships_contains_paywalled_content":false,"_jetpack_memberships_contains_paid_content":false,"footnotes":"","jetpack_publicize_message":"","jetpack_publicize_feature_enabled":true,"jetpack_social_post_already_shared":true,"jetpack_social_options":{"image_generator_settings":{"template":"highway","default_image_id":0,"font":"","enabled":false},"version":2}},"categories":[42,4],"tags":[500,501,498,499],"class_list":["post-2840","post","type-post","status-publish","format-standard","has-post-thumbnail","hentry","category-meditation","category-pause-meditation","tag-lampe","tag-lycee","tag-pastorale-scolaire","tag-tabernacle"],"jetpack_publicize_connections":[],"jetpack_featured_media_url":"https:\/\/i0.wp.com\/www.communion-bethanie.org\/wp-content\/uploads\/2024\/09\/240923-lampe_lycee.jpg?fit=540%2C380&ssl=1","jetpack_likes_enabled":true,"jetpack_sharing_enabled":true,"_links":{"self":[{"href":"https:\/\/www.communion-bethanie.org\/index.php?rest_route=\/wp\/v2\/posts\/2840","targetHints":{"allow":["GET"]}}],"collection":[{"href":"https:\/\/www.communion-bethanie.org\/index.php?rest_route=\/wp\/v2\/posts"}],"about":[{"href":"https:\/\/www.communion-bethanie.org\/index.php?rest_route=\/wp\/v2\/types\/post"}],"author":[{"embeddable":true,"href":"https:\/\/www.communion-bethanie.org\/index.php?rest_route=\/wp\/v2\/users\/1"}],"replies":[{"embeddable":true,"href":"https:\/\/www.communion-bethanie.org\/index.php?rest_route=%2Fwp%2Fv2%2Fcomments&post=2840"}],"version-history":[{"count":2,"href":"https:\/\/www.communion-bethanie.org\/index.php?rest_route=\/wp\/v2\/posts\/2840\/revisions"}],"predecessor-version":[{"id":2851,"href":"https:\/\/www.communion-bethanie.org\/index.php?rest_route=\/wp\/v2\/posts\/2840\/revisions\/2851"}],"wp:featuredmedia":[{"embeddable":true,"href":"https:\/\/www.communion-bethanie.org\/index.php?rest_route=\/wp\/v2\/media\/2841"}],"wp:attachment":[{"href":"https:\/\/www.communion-bethanie.org\/index.php?rest_route=%2Fwp%2Fv2%2Fmedia&parent=2840"}],"wp:term":[{"taxonomy":"category","embeddable":true,"href":"https:\/\/www.communion-bethanie.org\/index.php?rest_route=%2Fwp%2Fv2%2Fcategories&post=2840"},{"taxonomy":"post_tag","embeddable":true,"href":"https:\/\/www.communion-bethanie.org\/index.php?rest_route=%2Fwp%2Fv2%2Ftags&post=2840"}],"curies":[{"name":"wp","href":"https:\/\/api.w.org\/{rel}","templated":true}]}}