{"id":2874,"date":"2024-11-11T11:39:10","date_gmt":"2024-11-11T10:39:10","guid":{"rendered":"https:\/\/www.communion-bethanie.org\/?p=2874"},"modified":"2024-11-11T11:39:11","modified_gmt":"2024-11-11T10:39:11","slug":"pause-meditation-du-11-novembre-2024","status":"publish","type":"post","link":"https:\/\/www.communion-bethanie.org\/?p=2874","title":{"rendered":"Pause m\u00e9ditation du 11 novembre 2024"},"content":{"rendered":"\n<blockquote class=\"wp-block-quote is-layout-flow wp-block-quote-is-layout-flow\">\n<p> Une m\u00e9ditation propos\u00e9e par notre s\u0153ur Val\u00e9rie.<\/p>\n<\/blockquote>\n\n\n\n<h3 class=\"wp-block-heading\"><strong>11 novembre<\/strong><\/h3>\n\n\n\n<p><em>Vous avez appris qu&rsquo;il a \u00e9t\u00e9 dit : Tu aimeras ton prochain, et tu ha\u00efras ton ennemi. Mais moi, je vous dis : Aimez vos ennemis, b\u00e9nissez ceux qui vous maudissent, faites du bien \u00e0 ceux qui vous ha\u00efssent, et priez pour ceux qui vous maltraitent et qui vous pers\u00e9cutent, afin que vous soyez fils de votre P\u00e8re qui est dans les cieux <\/em>&nbsp;;<em> car il fait lever son soleil sur les m\u00e9chants et sur les bons, et il fait pleuvoir sur les justes et sur les injustes. Si vous aimez ceux qui vous aiment, quelle r\u00e9compense m\u00e9ritez-vous? Les publicains aussi n&rsquo;agissent-ils pas de m\u00eame ? Et si vous saluez seulement vos fr\u00e8res, que faites-vous d&rsquo;extraordinaire ? Les pa\u00efens aussi n&rsquo;agissent-ils pas de m\u00eame ? Soyez donc parfaits, comme votre P\u00e8re c\u00e9leste est parfait.<\/em> Mt 5 : 43-48, Bible Segong.<\/p>\n\n\n\n<p>11 novembre en France, jour f\u00e9ri\u00e9 et de comm\u00e9moration.<br>Comm\u00e9moration : rappeler, c\u00e9l\u00e9brer par une c\u00e9r\u00e9monie le souvenir d\u2019une personne, d\u2019un \u00e9v\u00e8nement.<\/p>\n\n\n\n<p>De qui se souvenir ?<br>Des valeureux tomb\u00e9s au combat ? Des victimes, tant civiles que militaires ? De ceux qui ont surv\u00e9cu ?<\/p>\n\n\n\n<p>De quoi se souvenir ?<br>De la guerre ? De la paix ? De l\u2019entre deux qu\u2019est l\u2019armistice ?<br>De ce temps o\u00f9 les peuples d\u2019Europe se d\u00e9chiraient ?<br>De ce temps que les moins de 110 ans n\u2019ont pu conna\u00eetre, un temps o\u00f9 notre \u00e9poque puise ses racines ?<\/p>\n\n\n\n<p>11 novembre, \u00e0 la mi-temps de l\u2019automne.<br>Je me souviens que les guerres sont intemporelles, universelles. O\u00f9 que se porte mon regard, je vois la lutte incessante du bien contre le mal.<br>Je me souviens d\u2019o\u00f9 je viens, une famille, une histoire. Des guerres ici aussi, beaucoup de bien, un peu de mal.<\/p>\n\n\n\n<p>Je remonte \u00e0 la source.<br>Je me souviens que le Messie envoy\u00e9 \u00e0 notre humanit\u00e9 n\u2019a lev\u00e9 aucune arm\u00e9e, livr\u00e9 aucune bataille.<br>Je me souviens que son enseignement tout entier tient dans ce seul commandement, celui d\u2019aimer.<br>Aimer et se savoir aim\u00e9.<br>Aimer le Seigneur, Notre Dieu, aimer son prochain, quel qu\u2019il soit.<br>Je me souviens qu\u2019Il a offert Sa Paix.<\/p>\n\n\n\n<p>Croirons-nous un jour assez fort \u00e0 cet Amour, tous et toutes ensemble, pour que le miracle s\u2019accomplisse, d\u2019un monde, d\u2019une humanit\u00e9 vivant enfin en paix, dans Sa Paix ? La belle f\u00eate que ce sera alors, la belle c\u00e9l\u00e9bration !<\/p>\n\n\n\n<p>Val\u00e9rie,<br>s\u0153ur de la Communion B\u00e9thanie<\/p>\n","protected":false},"excerpt":{"rendered":"<p>Une m\u00e9ditation propos\u00e9e par notre s\u0153ur Val\u00e9rie. 11 novembre Vous avez appris qu&rsquo;il a \u00e9t\u00e9 dit : Tu aimeras ton prochain, et tu ha\u00efras ton ennemi. Mais moi, je vous dis : Aimez vos ennemis, b\u00e9nissez ceux qui vous maudissent, faites du bien \u00e0 ceux qui vous ha\u00efssent, et priez pour ceux qui vous maltraitent [&hellip;]<\/p>\n","protected":false},"author":1,"featured_media":2876,"comment_status":"open","ping_status":"open","sticky":false,"template":"","format":"standard","meta":{"jetpack_post_was_ever_published":false,"_jetpack_newsletter_access":"","_jetpack_dont_email_post_to_subs":false,"_jetpack_newsletter_tier_id":0,"_jetpack_memberships_contains_paywalled_content":false,"_jetpack_memberships_contains_paid_content":false,"footnotes":"","jetpack_publicize_message":"","jetpack_publicize_feature_enabled":true,"jetpack_social_post_already_shared":true,"jetpack_social_options":{"image_generator_settings":{"template":"highway","default_image_id":0,"font":"","enabled":false},"version":2}},"categories":[42,4],"tags":[507,36,220],"class_list":["post-2874","post","type-post","status-publish","format-standard","has-post-thumbnail","hentry","category-meditation","category-pause-meditation","tag-commemoration","tag-pause-meditation","tag-valerie"],"jetpack_publicize_connections":[],"jetpack_featured_media_url":"https:\/\/i0.wp.com\/www.communion-bethanie.org\/wp-content\/uploads\/2024\/11\/241111-brume-scaled.jpg?fit=2560%2C1807&ssl=1","jetpack_likes_enabled":true,"jetpack_sharing_enabled":true,"_links":{"self":[{"href":"https:\/\/www.communion-bethanie.org\/index.php?rest_route=\/wp\/v2\/posts\/2874","targetHints":{"allow":["GET"]}}],"collection":[{"href":"https:\/\/www.communion-bethanie.org\/index.php?rest_route=\/wp\/v2\/posts"}],"about":[{"href":"https:\/\/www.communion-bethanie.org\/index.php?rest_route=\/wp\/v2\/types\/post"}],"author":[{"embeddable":true,"href":"https:\/\/www.communion-bethanie.org\/index.php?rest_route=\/wp\/v2\/users\/1"}],"replies":[{"embeddable":true,"href":"https:\/\/www.communion-bethanie.org\/index.php?rest_route=%2Fwp%2Fv2%2Fcomments&post=2874"}],"version-history":[{"count":2,"href":"https:\/\/www.communion-bethanie.org\/index.php?rest_route=\/wp\/v2\/posts\/2874\/revisions"}],"predecessor-version":[{"id":2878,"href":"https:\/\/www.communion-bethanie.org\/index.php?rest_route=\/wp\/v2\/posts\/2874\/revisions\/2878"}],"wp:featuredmedia":[{"embeddable":true,"href":"https:\/\/www.communion-bethanie.org\/index.php?rest_route=\/wp\/v2\/media\/2876"}],"wp:attachment":[{"href":"https:\/\/www.communion-bethanie.org\/index.php?rest_route=%2Fwp%2Fv2%2Fmedia&parent=2874"}],"wp:term":[{"taxonomy":"category","embeddable":true,"href":"https:\/\/www.communion-bethanie.org\/index.php?rest_route=%2Fwp%2Fv2%2Fcategories&post=2874"},{"taxonomy":"post_tag","embeddable":true,"href":"https:\/\/www.communion-bethanie.org\/index.php?rest_route=%2Fwp%2Fv2%2Ftags&post=2874"}],"curies":[{"name":"wp","href":"https:\/\/api.w.org\/{rel}","templated":true}]}}