{"id":2984,"date":"2025-03-16T00:01:00","date_gmt":"2025-03-15T23:01:00","guid":{"rendered":"https:\/\/www.communion-bethanie.org\/?p=2984"},"modified":"2025-03-16T12:43:47","modified_gmt":"2025-03-16T11:43:47","slug":"2e-dimanche-de-careme-3","status":"publish","type":"post","link":"https:\/\/www.communion-bethanie.org\/?p=2984","title":{"rendered":"2<sup>e<\/sup> dimanche de Car\u00eame"},"content":{"rendered":"\n<blockquote class=\"wp-block-quote is-layout-flow wp-block-quote-is-layout-flow\">\n<p>Tout au long de ce Car\u00eame 2025 et jusqu\u2019\u00e0 P\u00e2ques, retrouvez les m\u00e9ditations propos\u00e9es par notre fr\u00e8re S\u00e9bastien.<\/p>\n<\/blockquote>\n\n\n\n<h3 class=\"wp-block-heading\"><strong> Transfiguration, transformation <\/strong><\/h3>\n\n\n\n<p>En ce temps-l\u00e0, J\u00e9sus prit avec lui Pierre, Jean et Jacques, et il gravit la montagne pour prier.<br>Pendant qu\u2019il priait, l\u2019aspect de son visage devint autre, et son v\u00eatement devint d\u2019une blancheur \u00e9blouissante.<br>Voici que deux hommes s\u2019entretenaient avec lui : c\u2019\u00e9taient Mo\u00efse et \u00c9lie, apparus dans la gloire.<br>Ils parlaient de son d\u00e9part qui allait s\u2019accomplir \u00e0 J\u00e9rusalem.<br>Pierre et ses compagnons \u00e9taient accabl\u00e9s de sommeil ; mais, restant \u00e9veill\u00e9s, ils virent la gloire de J\u00e9sus, et les deux hommes \u00e0 ses c\u00f4t\u00e9s.<br>Ces derniers s\u2019\u00e9loignaient de lui, quand Pierre dit \u00e0 J\u00e9sus : <em>Ma\u00eetre, il est bon que nous soyons ici ! Faisons trois tentes : une pour toi, une pour Mo\u00efse, et une pour \u00c9lie.<\/em><br>Il ne savait pas ce qu\u2019il disait. Pierre n\u2019avait pas fini de parler, qu\u2019une nu\u00e9e survint et les couvrit de son ombre ; ils furent saisis de frayeur lorsqu\u2019ils y p\u00e9n\u00e9tr\u00e8rent.<br>Et, de la nu\u00e9e, une voix se fit entendre : <em>Celui-ci est mon Fils, celui que j\u2019ai choisi : \u00e9coutez-le !<\/em><br>Et pendant que la voix se faisait entendre, il n\u2019y avait plus que J\u00e9sus, seul. Les disciples gard\u00e8rent le silence et, en ces jours-l\u00e0, ils ne rapport\u00e8rent \u00e0 personne rien de ce qu\u2019ils avaient vu.<br>Luc 9, 28b-36<\/p>\n\n\n\n<p>Ch\u00e8res s\u0153urs, chers fr\u00e8res,<\/p>\n\n\n\n<p>En ce deuxi\u00e8me dimanche de Car\u00eame, nous m\u00e9ditons la Transfiguration du Christ, notre Seigneur.<\/p>\n\n\n\n<p>Son visage change d\u2019apparence ;<\/p>\n\n\n\n<p>Sa blancheur sid\u00e9rante est indicible, structurellement autre, tellement \u00e9trang\u00e8re.<\/p>\n\n\n\n<p>Comment ne pas \u00eatre \u00e9bloui par l\u2019infinie magnificence d\u2019une telle manifestation ?<\/p>\n\n\n\n<p>Comment la Transfiguration peut devenir figure d\u2019accomplissement sans nous rendre aveugle ?<\/p>\n\n\n\n<p>Comment contempler \u00e0 distance la gloire de Dieu manifest\u00e9e ici en J\u00e9sus ?<\/p>\n\n\n\n<p>Quelle est la juste proximit\u00e9 au Divin alors qu\u2019il nous habite d\u00e9j\u00e0 tellement ?<\/p>\n\n\n\n<p>R\u00e9sister de raison \u00e0 l&rsquo;hubris d\u2019une comparaison vaine\u2026<\/p>\n\n\n\n<p>Ni Icare, ni Pha\u00e9ton ; ni Bell\u00e9rophon, ni Samson.<\/p>\n\n\n\n<p>Les r\u00e9alit\u00e9s c\u00e9lestes nous \u00e9crabouillent souvent, nous petits d\u2019hommes et de femmes ancr\u00e9s dans notre condition, nos \u00e9troitesses, nos bosses et cabosses.<\/p>\n\n\n\n<p>L\u2019infini peut devenir ab\u00eeme vertigineux, sa proximit\u00e9 si brutale qu\u2019elle en devient insoutenable.<\/p>\n\n\n\n<p>Ne surtout pas mourir alors \u00e0 nous-m\u00eames dans notre qu\u00eate du Divin.<\/p>\n\n\n\n<p>S\u2019approcher de Dieu, ce n\u2019est pas tenter la Transfiguration.<\/p>\n\n\n\n<p>C\u2019est poursuivre la transformation lente, inaccomplie mais qui sauve d\u00e9j\u00e0.<\/p>\n\n\n\n<p>Suivre Dieu, c\u2019est chercher avec t\u00e9nacit\u00e9 Sa pr\u00e9sence sans jamais tenter le face-\u00e0-face.<\/p>\n\n\n\n<p>Notre passage ici-bas est une ascension laborieuse et modeste, o\u00f9 le Ciel peut s\u2019approcher sans jamais se laisser atteindre.<\/p>\n\n\n\n<p>Seigneur, aide-nous \u00e0 marcher \u00e0 Ta suite sans jamais pr\u00e9tendre T\u2019imiter ;<\/p>\n\n\n\n<p>Aide-nous \u00e0 Te discerner sans jamais oser Te voir ;<\/p>\n\n\n\n<p>Agis-nous par Ta parole de vie sans tenter Ton imitation.<\/p>\n\n\n\n<p>Transforme-nous, toujours imparfaitement.<\/p>\n\n\n\n<p>Car Ta R\u00e9surrection et Ta Gloire doivent nous guider en nous maintenant \u00e0 distance.<\/p>\n\n\n\n<p>Nous, \u00e9ternels ignorants de leur myst\u00e8re profond.<\/p>\n\n\n\n<p>S\u00e9bastien,<br>fr\u00e8re de la Communion B\u00e9thanie<\/p>\n","protected":false},"excerpt":{"rendered":"<p>Tout au long de ce Car\u00eame 2025 et jusqu\u2019\u00e0 P\u00e2ques, retrouvez les m\u00e9ditations propos\u00e9es par notre fr\u00e8re S\u00e9bastien. Transfiguration, transformation En ce temps-l\u00e0, J\u00e9sus prit avec lui Pierre, Jean et Jacques, et il gravit la montagne pour prier.Pendant qu\u2019il priait, l\u2019aspect de son visage devint autre, et son v\u00eatement devint d\u2019une blancheur \u00e9blouissante.Voici que deux [&hellip;]<\/p>\n","protected":false},"author":1,"featured_media":2986,"comment_status":"open","ping_status":"open","sticky":false,"template":"","format":"standard","meta":{"jetpack_post_was_ever_published":false,"_jetpack_newsletter_access":"","_jetpack_dont_email_post_to_subs":false,"_jetpack_newsletter_tier_id":0,"_jetpack_memberships_contains_paywalled_content":false,"_jetpack_memberships_contains_paid_content":false,"footnotes":"","jetpack_publicize_message":"","jetpack_publicize_feature_enabled":true,"jetpack_social_post_already_shared":true,"jetpack_social_options":{"image_generator_settings":{"template":"highway","default_image_id":0,"font":"","enabled":false},"version":2}},"categories":[137,42,4],"tags":[138,516,213,357,453,515,360],"class_list":["post-2984","post","type-post","status-publish","format-standard","has-post-thumbnail","hentry","category-careme","category-meditation","category-pause-meditation","tag-careme","tag-elie","tag-jesus","tag-moise","tag-pierre","tag-sebastien","tag-transfiguration"],"jetpack_publicize_connections":[],"jetpack_featured_media_url":"https:\/\/i0.wp.com\/www.communion-bethanie.org\/wp-content\/uploads\/2025\/03\/250316-eblouissement-lumiere.jpg?fit=540%2C380&ssl=1","jetpack_likes_enabled":true,"jetpack_sharing_enabled":true,"_links":{"self":[{"href":"https:\/\/www.communion-bethanie.org\/index.php?rest_route=\/wp\/v2\/posts\/2984","targetHints":{"allow":["GET"]}}],"collection":[{"href":"https:\/\/www.communion-bethanie.org\/index.php?rest_route=\/wp\/v2\/posts"}],"about":[{"href":"https:\/\/www.communion-bethanie.org\/index.php?rest_route=\/wp\/v2\/types\/post"}],"author":[{"embeddable":true,"href":"https:\/\/www.communion-bethanie.org\/index.php?rest_route=\/wp\/v2\/users\/1"}],"replies":[{"embeddable":true,"href":"https:\/\/www.communion-bethanie.org\/index.php?rest_route=%2Fwp%2Fv2%2Fcomments&post=2984"}],"version-history":[{"count":1,"href":"https:\/\/www.communion-bethanie.org\/index.php?rest_route=\/wp\/v2\/posts\/2984\/revisions"}],"predecessor-version":[{"id":2985,"href":"https:\/\/www.communion-bethanie.org\/index.php?rest_route=\/wp\/v2\/posts\/2984\/revisions\/2985"}],"wp:featuredmedia":[{"embeddable":true,"href":"https:\/\/www.communion-bethanie.org\/index.php?rest_route=\/wp\/v2\/media\/2986"}],"wp:attachment":[{"href":"https:\/\/www.communion-bethanie.org\/index.php?rest_route=%2Fwp%2Fv2%2Fmedia&parent=2984"}],"wp:term":[{"taxonomy":"category","embeddable":true,"href":"https:\/\/www.communion-bethanie.org\/index.php?rest_route=%2Fwp%2Fv2%2Fcategories&post=2984"},{"taxonomy":"post_tag","embeddable":true,"href":"https:\/\/www.communion-bethanie.org\/index.php?rest_route=%2Fwp%2Fv2%2Ftags&post=2984"}],"curies":[{"name":"wp","href":"https:\/\/api.w.org\/{rel}","templated":true}]}}