{"id":318,"date":"2019-08-29T00:05:26","date_gmt":"2019-08-28T22:05:26","guid":{"rendered":"https:\/\/www.communion-bethanie.org\/?p=318"},"modified":"2019-08-21T20:08:51","modified_gmt":"2019-08-21T18:08:51","slug":"pause-meditation-du-29-aout-2019","status":"publish","type":"post","link":"https:\/\/www.communion-bethanie.org\/?p=318","title":{"rendered":"Pause m\u00e9ditation du 29 ao\u00fbt 2019"},"content":{"rendered":"\n<p class=\"has-text-color has-vivid-cyan-blue-color\"> Cet \u00e9t\u00e9, nous cheminerons avec le livre \u00ab\u00a0Prier 15 jours avec Fr\u00e8re Luc, moine et m\u00e9decin \u00e0 Tibhirine\u00a0\u00bb.<br><span style=\"text-decoration: underline;\">Les fr\u00e8res et s\u0153urs de la Communion B\u00e9thanie<\/span> <\/p>\n\n\n\n<p>\n\n\n\n\n\n\n\n\n\n\n\n\n\n\n\n\nQui\na une \u00e2me de pauvre&nbsp;?<br>\nQuand le Seigneur nous d\u00e9sinstalle de nos <br>\npositions mat\u00e9rielles ou spirituelles&nbsp;!<br>\nLa pauvret\u00e9, c&rsquo;est la condition premi\u00e8re pour \u00eatre<br>\nperm\u00e9able \u00e0 Dieu.<br>\nPars! Quitte ton pays, ta culture, tes habitudes,<br>\nton pass\u00e9. Et Abraham partit, \u00ab&nbsp;ne sachant o\u00f9 il <br>\nallait&nbsp;\u00bb, <em>\u00e9p\u00eetre aux H\u00e9breux 11,8<\/em> \u00ab&nbsp;signe infaillible<br>\nque c&rsquo;\u00e9tait dans le bon sens&nbsp;\u00bb, dit Gr\u00e9goire <br>\nde Nysse. Abraham avait une \u00e2me de pauvre. Il<br>\na accept\u00e9 une parole de Dieu toute d\u00e9sinstallante.<br>\nUne pauvret\u00e9 \u00e9tablie, acquise, est une contradiction<br>\ndans les termes : une \u00ab&nbsp;acquisition&nbsp;\u00bb de plus.<br>\nNotre pauvret\u00e9 sera faite de nos quotidiennes d\u00e9sinstallations<br>\ndans la joie. Incertitudes du lendemain,<br>\nqui r\u00e9clame une tr\u00e8s grande confiance en Dieu.\n\n\n\n<\/p>\n\n\n\n<p class=\"has-text-color has-vivid-cyan-blue-color\"><em>Ceci est la derni\u00e8re Pause pri\u00e8re de l\u2019\u00e9t\u00e9.<br>D\u00e8s la semaine prochaine, nous changeons notre formule\u00a0:<\/em><br>\u2022 <em>Vous retrouverez une Pause m\u00e9ditation tous les lundis.<\/em><br>\u2022 <em>Les intentions de pri\u00e8res deviennent mensuelles et ne seront que par    messagerie aux membres et aux amis de Communion B\u00e9thanie.<\/em><\/p>\n","protected":false},"excerpt":{"rendered":"<p>Cet \u00e9t\u00e9, nous cheminerons avec le livre \u00ab\u00a0Prier 15 jours avec Fr\u00e8re Luc, moine et m\u00e9decin \u00e0 Tibhirine\u00a0\u00bb.Les fr\u00e8res et s\u0153urs de la Communion B\u00e9thanie Qui a une \u00e2me de pauvre&nbsp;? Quand le Seigneur nous d\u00e9sinstalle de nos positions mat\u00e9rielles ou spirituelles&nbsp;! La pauvret\u00e9, c&rsquo;est la condition premi\u00e8re pour \u00eatre perm\u00e9able \u00e0 Dieu. Pars! Quitte [&hellip;]<\/p>\n","protected":false},"author":1,"featured_media":84,"comment_status":"open","ping_status":"open","sticky":false,"template":"","format":"standard","meta":{"jetpack_post_was_ever_published":false,"_jetpack_newsletter_access":"","_jetpack_dont_email_post_to_subs":false,"_jetpack_newsletter_tier_id":0,"_jetpack_memberships_contains_paywalled_content":false,"_jetpack_memberships_contains_paid_content":false,"footnotes":"","jetpack_publicize_message":"","jetpack_publicize_feature_enabled":true,"jetpack_social_post_already_shared":true,"jetpack_social_options":{"image_generator_settings":{"template":"highway","default_image_id":0,"font":"","enabled":false},"version":2}},"categories":[42,4],"tags":[6,16,17,18],"class_list":["post-318","post","type-post","status-publish","format-standard","has-post-thumbnail","hentry","category-meditation","category-pause-meditation","tag-ete","tag-frere-luc","tag-moine-et-medecin-a-tibhirine","tag-prier-15-jours"],"jetpack_publicize_connections":[],"jetpack_featured_media_url":"https:\/\/i0.wp.com\/www.communion-bethanie.org\/wp-content\/uploads\/2019\/07\/2019-07-11-Prier-15-jours-avec-Fr%C3%A8re-Luc.jpg?fit=300%2C500&ssl=1","jetpack_likes_enabled":true,"jetpack_sharing_enabled":true,"_links":{"self":[{"href":"https:\/\/www.communion-bethanie.org\/index.php?rest_route=\/wp\/v2\/posts\/318","targetHints":{"allow":["GET"]}}],"collection":[{"href":"https:\/\/www.communion-bethanie.org\/index.php?rest_route=\/wp\/v2\/posts"}],"about":[{"href":"https:\/\/www.communion-bethanie.org\/index.php?rest_route=\/wp\/v2\/types\/post"}],"author":[{"embeddable":true,"href":"https:\/\/www.communion-bethanie.org\/index.php?rest_route=\/wp\/v2\/users\/1"}],"replies":[{"embeddable":true,"href":"https:\/\/www.communion-bethanie.org\/index.php?rest_route=%2Fwp%2Fv2%2Fcomments&post=318"}],"version-history":[{"count":1,"href":"https:\/\/www.communion-bethanie.org\/index.php?rest_route=\/wp\/v2\/posts\/318\/revisions"}],"predecessor-version":[{"id":319,"href":"https:\/\/www.communion-bethanie.org\/index.php?rest_route=\/wp\/v2\/posts\/318\/revisions\/319"}],"wp:featuredmedia":[{"embeddable":true,"href":"https:\/\/www.communion-bethanie.org\/index.php?rest_route=\/wp\/v2\/media\/84"}],"wp:attachment":[{"href":"https:\/\/www.communion-bethanie.org\/index.php?rest_route=%2Fwp%2Fv2%2Fmedia&parent=318"}],"wp:term":[{"taxonomy":"category","embeddable":true,"href":"https:\/\/www.communion-bethanie.org\/index.php?rest_route=%2Fwp%2Fv2%2Fcategories&post=318"},{"taxonomy":"post_tag","embeddable":true,"href":"https:\/\/www.communion-bethanie.org\/index.php?rest_route=%2Fwp%2Fv2%2Ftags&post=318"}],"curies":[{"name":"wp","href":"https:\/\/api.w.org\/{rel}","templated":true}]}}