{"id":605,"date":"2020-01-01T00:01:00","date_gmt":"2019-12-31T22:01:00","guid":{"rendered":"https:\/\/www.communion-bethanie.org\/?p=605"},"modified":"2019-12-31T19:08:12","modified_gmt":"2019-12-31T17:08:12","slug":"a-laube-dune-annee-nouvelle","status":"publish","type":"post","link":"https:\/\/www.communion-bethanie.org\/?p=605","title":{"rendered":"A l&rsquo;aube d&rsquo;une ann\u00e9e nouvelle&#8230;"},"content":{"rendered":"\n<p>Les s\u0153urs et fr\u00e8res de la Communion B\u00e9thanie, unis en J\u00e9sus, et en Lui, s\u0153urs et fr\u00e8res de toute humanit\u00e9, vous souhaitent une ann\u00e9e pleine de Beaut\u00e9, de Lumi\u00e8re et d&rsquo;Amour.<br><br>Pas comme de vains mots. Pas comme une vaine rengaine annuelle et vide.<br>Comme le don qu&rsquo;ils re\u00e7oivent et qu&rsquo;ils voudraient vous faire d&rsquo;une fraternit\u00e9 r\u00e9ellement v\u00e9cue, ancr\u00e9e dans la r\u00e9alit\u00e9 de chacun\u00b7e.<\/p>\n\n\n\n<blockquote class=\"wp-block-quote is-layout-flow wp-block-quote-is-layout-flow\"><p><strong>\u00ab Vous avez re\u00e7u gratuitement, donnez gratuitement. \u00bb<\/strong> Mt 10, 8.<\/p><\/blockquote>\n\n\n\n<p>Ce que nous recevons des mains du Seigneur, nous voulons vous le partager sans condition.<br>Dans l&rsquo;humble pri\u00e8re journali\u00e8re ou dans les temps forts de notre vie en communion.<br>Dans le silence de nos c\u0153urs inquiets ou les vibrants \u00ab\u00a0All\u00e9luia\u00a0\u00bb de nos chants de f\u00eate !<\/p>\n\n\n\n<p>Avec vous, commencer par rendre gr\u00e2ce pour les dons re\u00e7us au cours de l&rsquo;ann\u00e9e qui s&rsquo;ach\u00e8ve. Et il y en a !<br><br>Pour nous, celui de la fraternit\u00e9 qui nous \u00e9tonne et nous \u00e9tonnera toujours.<br>Nous en avons fait une nouvelle fois l&rsquo;exp\u00e9rience lors de notre derni\u00e8re retraite d&rsquo;hiver \u00e0 la Clart\u00e9-Dieu, \u00e0 Orsay.<br>Nous sommes encore tou\u00b7te\u00b7s rempli\u00b7e\u00b7s de gratitude pour ce qui se vit l\u00e0. Pour les r\u00e9flexions et partages communs autour de la Parole, v\u00e9ritable nourriture pour notre Foi.<br><br>Gratitude aussi pour le temps inter-spirituel v\u00e9cu lors du week-end pr\u00e9c\u00e9dant la Nativit\u00e9. Quand l\u2019exigence de la fraternit\u00e9 nous conduit bien au-del\u00e0 de nos habitudes rituelles pour nous mettre face \u00e0 l&rsquo;autre, en V\u00e9rit\u00e9. Nous ouvrir \u00e0 une pr\u00e9sence. Nous laisser entrevoir une commune esp\u00e9rance.<\/p>\n\n\n\n<p>En tout cela, c&rsquo;est l&rsquo;Esprit du Christ qui agit.<br><br>Confiant\u00b7e\u00b7s en ce Souffle saint, laissons-le mener au large notre barque ! Osons nous tourner vers les rivages inconnus de la nouvelle ann\u00e9e.<br>Elle ne sera sans doute pas d\u00e9nu\u00e9e de peine, de souffrance, de t\u00e9n\u00e8bres m\u00eame parfois.<br>Elle ne sera pas une jolie route en pente douce, bien plane et bien droite. Non.<br>Mais J\u00e9sus, pour nous, \u00e0 travers\u00e9 jusqu&rsquo;\u00e0 la mort m\u00eame. Il nous ouvre \u00e0 la Vie d\u00e9sormais. A son Royaume qui d\u00e9j\u00e0 est ici.<br>Suivons-le avec assurance. Nous ne serons jamais d\u00e9\u00e7u\u00b7e\u00b7s.<\/p>\n\n\n\n<p>Belle et heureuse ann\u00e9e \u00e0 chacune et \u00e0 chacun.<br>En Christ.<\/p>\n\n\n\n<p><br><em>Rapha\u00ebl,<br>fr\u00e8re de la Communion B\u00e9thanie.  <\/em><\/p>\n","protected":false},"excerpt":{"rendered":"<p>Les s\u0153urs et fr\u00e8res de la Communion B\u00e9thanie, unis en J\u00e9sus, et en Lui, s\u0153urs et fr\u00e8res de toute humanit\u00e9, vous souhaitent une ann\u00e9e pleine de Beaut\u00e9, de Lumi\u00e8re et d&rsquo;Amour. Pas comme de vains mots. Pas comme une vaine rengaine annuelle et vide.Comme le don qu&rsquo;ils re\u00e7oivent et qu&rsquo;ils voudraient vous faire d&rsquo;une fraternit\u00e9 [&hellip;]<\/p>\n","protected":false},"author":1,"featured_media":606,"comment_status":"open","ping_status":"open","sticky":false,"template":"","format":"standard","meta":{"jetpack_post_was_ever_published":false,"_jetpack_newsletter_access":"","_jetpack_dont_email_post_to_subs":false,"_jetpack_newsletter_tier_id":0,"_jetpack_memberships_contains_paywalled_content":false,"_jetpack_memberships_contains_paid_content":false,"footnotes":"","jetpack_publicize_message":"","jetpack_publicize_feature_enabled":true,"jetpack_social_post_already_shared":true,"jetpack_social_options":{"image_generator_settings":{"template":"highway","default_image_id":0,"font":"","enabled":false},"version":2}},"categories":[121],"tags":[122,123],"class_list":["post-605","post","type-post","status-publish","format-standard","has-post-thumbnail","hentry","category-voeux","tag-raphael","tag-voeux"],"jetpack_publicize_connections":[],"jetpack_featured_media_url":"https:\/\/i0.wp.com\/www.communion-bethanie.org\/wp-content\/uploads\/2019\/12\/yacht-mer-bleue.jpg?fit=500%2C333&ssl=1","jetpack_likes_enabled":true,"jetpack_sharing_enabled":true,"_links":{"self":[{"href":"https:\/\/www.communion-bethanie.org\/index.php?rest_route=\/wp\/v2\/posts\/605","targetHints":{"allow":["GET"]}}],"collection":[{"href":"https:\/\/www.communion-bethanie.org\/index.php?rest_route=\/wp\/v2\/posts"}],"about":[{"href":"https:\/\/www.communion-bethanie.org\/index.php?rest_route=\/wp\/v2\/types\/post"}],"author":[{"embeddable":true,"href":"https:\/\/www.communion-bethanie.org\/index.php?rest_route=\/wp\/v2\/users\/1"}],"replies":[{"embeddable":true,"href":"https:\/\/www.communion-bethanie.org\/index.php?rest_route=%2Fwp%2Fv2%2Fcomments&post=605"}],"version-history":[{"count":6,"href":"https:\/\/www.communion-bethanie.org\/index.php?rest_route=\/wp\/v2\/posts\/605\/revisions"}],"predecessor-version":[{"id":629,"href":"https:\/\/www.communion-bethanie.org\/index.php?rest_route=\/wp\/v2\/posts\/605\/revisions\/629"}],"wp:featuredmedia":[{"embeddable":true,"href":"https:\/\/www.communion-bethanie.org\/index.php?rest_route=\/wp\/v2\/media\/606"}],"wp:attachment":[{"href":"https:\/\/www.communion-bethanie.org\/index.php?rest_route=%2Fwp%2Fv2%2Fmedia&parent=605"}],"wp:term":[{"taxonomy":"category","embeddable":true,"href":"https:\/\/www.communion-bethanie.org\/index.php?rest_route=%2Fwp%2Fv2%2Fcategories&post=605"},{"taxonomy":"post_tag","embeddable":true,"href":"https:\/\/www.communion-bethanie.org\/index.php?rest_route=%2Fwp%2Fv2%2Ftags&post=605"}],"curies":[{"name":"wp","href":"https:\/\/api.w.org\/{rel}","templated":true}]}}